{"id":4477,"date":"2018-06-28T16:33:35","date_gmt":"2018-06-28T16:33:35","guid":{"rendered":"https:\/\/nova.elfornerdealella.com\/?p=4477"},"modified":"2024-04-27T12:02:35","modified_gmt":"2024-04-27T10:02:35","slug":"copa-de-maduixes-i-mango","status":"publish","type":"post","link":"https:\/\/elfornerdealella.com\/ca\/copa-de-fresas-y-mango\/","title":{"rendered":"Copa de Maduixes i Mango"},"content":{"rendered":"<p>Heus aqu\u00ed unes postres refrescants com aquesta Copa de Maduixes i Mango, unes postres ideals per despr\u00e9s d&#039;un bon \u00e0pat, segur que sorprendreu a tots els vostres convidats. Est\u00e0 compost per Maduixes, Mango i una Crema de Formatges Cremosos. Es prepara en un moment i \u00e9s riqu\u00edssim.<\/p>\n\n\n\n<figure class=\"wp-block-embed is-type-video is-provider-youtube wp-block-embed-youtube wp-embed-aspect-16-9 wp-has-aspect-ratio\"><div class=\"wp-block-embed__wrapper\">\n<iframe title=\"Copa de maduixes i mango\" width=\"500\" height=\"281\" src=\"https:\/\/www.youtube.com\/embed\/NEgOjanBPJY?feature=oembed\" frameborder=\"0\" allow=\"accelerometer; autoplay; clipboard-write; encrypted-media; gyroscope; picture-in-picture; web-share\" referrerpolicy=\"strict-origin-when-cross-origin\" allowfullscreen><\/iframe>\n<\/div><\/figure>\n\n\n\n<h2 class=\"wp-block-heading\">INGREDIENTS:<\/h2>\n\n\n\n<ul class=\"wp-block-list\">\n<li>400 grs. Maduixes<\/li>\n\n\n\n<li>400 grs. M\u00e0nec trossejat<\/li>\n\n\n\n<li>250 grs. Formatge Mascarpone<\/li>\n\n\n\n<li>150 grs. Formatge Philadelfia<\/li>\n\n\n\n<li>200 grs. Llet Condensada<\/li>\n\n\n\n<li>50 ml. Licor de Taronja (Cointreau)<\/li>\n\n\n\n<li>50 grs. Sucre<\/li>\n\n\n\n<li>Suc de llimona<\/li>\n\n\n\n<li>Fulles de Menta per adornar<\/li>\n<\/ul>\n\n\n\n<h2 class=\"wp-block-heading\">ELABORACI\u00d3:<\/h2>\n\n\n\n<ul class=\"wp-block-list\">\n<li>Rentarem les maduixes i les trossejarem ben petitons. Abocarem el suc de mitja llimona i el sucre. Remenarem perqu\u00e8 es barregi b\u00e9 el sucre. Deixarem en maceraci\u00f3 durant 45 minuts.<\/li>\n\n\n\n<li>Tallarem el m\u00e0nec i amb la meitat farem trossets molt petitets. La resta del m\u00e0nec el batrem juntament amb el cointreau.<\/li>\n\n\n\n<li>Barregem el m\u00e0nec trossejat amb el m\u00e0nec batut.<\/li>\n\n\n\n<li>En un bol posarem el formatge mascarpone i el formatge philadelfia. Amb una forquilla ho barrejarem ia continuaci\u00f3 afegirem la llet condensada i la integrarem als formatges. Ha de quedar molt ben barrejat i fi.<\/li>\n\n\n\n<li>En un recipient de vidre posarem a la base una capa amb les maduixes i el suc.<\/li>\n\n\n\n<li>A sobre posarem la crema de formatge i la cobrirem amb el m\u00e0nec i la crema.<\/li>\n\n\n\n<li>Adornarem amb unes fulletes de menta i el guardarem a la nevera. Se serveix ben fresquet.<\/li>\n<\/ul>\n\n\n\n<p class=\"wp-block-heading\"><b>Us aconsello que veieu el nostre v\u00eddeo de Copa de Maduixes i Mango per a una millor comprensi\u00f3 de tot all\u00f2 explicat.<\/b><\/p>\n\n\n\n<figure class=\"wp-block-image alignleft\"><img decoding=\"async\" src=\"https:\/\/elfornerdealella.com\/wp-content\/uploads\/2021\/03\/Copa-de-fresas-y-mango14-260x180-1.jpg\" alt=\"Tallem les maduixes\" class=\"wp-image-15205\" title=\"Recepta de\"><\/figure>\n\n\n\n<figure class=\"wp-block-image alignleft\"><img decoding=\"async\" src=\"https:\/\/elfornerdealella.com\/wp-content\/uploads\/2021\/03\/Copa-de-fresas-y-mango22-260x180-1.jpg\" alt=\"Pelem el m\u00e0nec\" class=\"wp-image-15206\" title=\"Recepta de\"><\/figure>\n\n\n\n<figure class=\"wp-block-image alignleft\"><img decoding=\"async\" src=\"https:\/\/elfornerdealella.com\/wp-content\/uploads\/2021\/03\/Copa-de-fresas-y-mango37-260x180-1.jpg\" alt=\"Posem una capa de maduixes\" class=\"wp-image-15207\" title=\"Recepta de\"><\/figure>\n\n\n\n<figure class=\"wp-block-image alignleft\"><img decoding=\"async\" src=\"https:\/\/elfornerdealella.com\/wp-content\/uploads\/2021\/03\/Copa-de-fresas-y-mango42-260x180-1.jpg\" alt=\"Posem una capa de m\u00e0nec\" class=\"wp-image-15208\" title=\"Recepta de\"><\/figure>\n\n\n\n<figure class=\"wp-block-image alignleft\"><img decoding=\"async\" src=\"https:\/\/elfornerdealella.com\/wp-content\/uploads\/2021\/03\/Copa-de-fresas-y-mango06-260x180-1.jpg\" alt=\"Recepta de\" class=\"wp-image-15204\" title=\"Recepta de\"><\/figure>","protected":false},"excerpt":{"rendered":"<p>He aqu\u00ed un\u00a0postre refrescante como esta Copa de Fresas y Mango, un postre ideal para despu\u00e9s de una buena comida, seguro que vais a sorprender a todos tus invitados. Est\u00e1 compuesto por Fresas, Mango y una Crema de Quesos Cremosos. Se prepara en un momento y est\u00e1 riqu\u00edsimo. INGREDIENTES: ELABORACI\u00d3N: Os aconsejo que ve\u00e1is nuestro [&hellip;]<\/p>\n","protected":false},"author":1,"featured_media":11032,"comment_status":"open","ping_status":"open","sticky":false,"template":"","format":"standard","meta":{"site-sidebar-layout":"default","site-content-layout":"","ast-site-content-layout":"default","site-content-style":"default","site-sidebar-style":"default","ast-global-header-display":"","ast-banner-title-visibility":"","ast-main-header-display":"","ast-hfb-above-header-display":"","ast-hfb-below-header-display":"","ast-hfb-mobile-header-display":"","site-post-title":"","ast-breadcrumbs-content":"","ast-featured-img":"","footer-sml-layout":"","ast-disable-related-posts":"","theme-transparent-header-meta":"","adv-header-id-meta":"","stick-header-meta":"","header-above-stick-meta":"","header-main-stick-meta":"","header-below-stick-meta":"","astra-migrate-meta-layouts":"default","ast-page-background-enabled":"default","ast-page-background-meta":{"desktop":{"background-color":"","background-image":"","background-repeat":"repeat","background-position":"center center","background-size":"auto","background-attachment":"scroll","background-type":"","background-media":"","overlay-type":"","overlay-color":"","overlay-opacity":"","overlay-gradient":""},"tablet":{"background-color":"","background-image":"","background-repeat":"repeat","background-position":"center center","background-size":"auto","background-attachment":"scroll","background-type":"","background-media":"","overlay-type":"","overlay-color":"","overlay-opacity":"","overlay-gradient":""},"mobile":{"background-color":"","background-image":"","background-repeat":"repeat","background-position":"center center","background-size":"auto","background-attachment":"scroll","background-type":"","background-media":"","overlay-type":"","overlay-color":"","overlay-opacity":"","overlay-gradient":""}},"ast-content-background-meta":{"desktop":{"background-color":"var(--ast-global-color-5)","background-image":"","background-repeat":"repeat","background-position":"center center","background-size":"auto","background-attachment":"scroll","background-type":"","background-media":"","overlay-type":"","overlay-color":"","overlay-opacity":"","overlay-gradient":""},"tablet":{"background-color":"var(--ast-global-color-5)","background-image":"","background-repeat":"repeat","background-position":"center center","background-size":"auto","background-attachment":"scroll","background-type":"","background-media":"","overlay-type":"","overlay-color":"","overlay-opacity":"","overlay-gradient":""},"mobile":{"background-color":"var(--ast-global-color-5)","background-image":"","background-repeat":"repeat","background-position":"center center","background-size":"auto","background-attachment":"scroll","background-type":"","background-media":"","overlay-type":"","overlay-color":"","overlay-opacity":"","overlay-gradient":""}},"footnotes":""},"categories":[49],"tags":[3428,2711,3429,3430,3432],"class_list":["post-4477","post","type-post","status-publish","format-standard","has-post-thumbnail","hentry","category-postres-caseros","tag-copa-de-fresas-y-mango","tag-postre-digestivo","tag-postre-fresas-y-mango","tag-postre-mango","tag-recepta-mango-y-maduixes"],"_links":{"self":[{"href":"https:\/\/elfornerdealella.com\/ca\/wp-json\/wp\/v2\/posts\/4477","targetHints":{"allow":["GET"]}}],"collection":[{"href":"https:\/\/elfornerdealella.com\/ca\/wp-json\/wp\/v2\/posts"}],"about":[{"href":"https:\/\/elfornerdealella.com\/ca\/wp-json\/wp\/v2\/types\/post"}],"author":[{"embeddable":true,"href":"https:\/\/elfornerdealella.com\/ca\/wp-json\/wp\/v2\/users\/1"}],"replies":[{"embeddable":true,"href":"https:\/\/elfornerdealella.com\/ca\/wp-json\/wp\/v2\/comments?post=4477"}],"version-history":[{"count":3,"href":"https:\/\/elfornerdealella.com\/ca\/wp-json\/wp\/v2\/posts\/4477\/revisions"}],"predecessor-version":[{"id":11036,"href":"https:\/\/elfornerdealella.com\/ca\/wp-json\/wp\/v2\/posts\/4477\/revisions\/11036"}],"wp:featuredmedia":[{"embeddable":true,"href":"https:\/\/elfornerdealella.com\/ca\/wp-json\/wp\/v2\/media\/11032"}],"wp:attachment":[{"href":"https:\/\/elfornerdealella.com\/ca\/wp-json\/wp\/v2\/media?parent=4477"}],"wp:term":[{"taxonomy":"category","embeddable":true,"href":"https:\/\/elfornerdealella.com\/ca\/wp-json\/wp\/v2\/categories?post=4477"},{"taxonomy":"post_tag","embeddable":true,"href":"https:\/\/elfornerdealella.com\/ca\/wp-json\/wp\/v2\/tags?post=4477"}],"curies":[{"name":"wp","href":"https:\/\/api.w.org\/{rel}","templated":true}]}}