{"id":4018,"date":"2017-11-16T16:28:02","date_gmt":"2017-11-16T16:28:02","guid":{"rendered":"https:\/\/nova.elfornerdealella.com\/?p=4018"},"modified":"2024-04-27T12:47:27","modified_gmt":"2024-04-27T10:47:27","slug":"creps-amb-farina-despelta","status":"publish","type":"post","link":"https:\/\/elfornerdealella.com\/ca\/crepes-con-harina-de-espelta\/","title":{"rendered":"Creps amb Farina d&#039;Espelta"},"content":{"rendered":"<p>Aquests s\u00f3n deliciosos Crepes amb Farina d&#039;Espelta La seva peculiaritat \u00e9s que els preparem amb farina d&#039;espelta integral, si vols pots substituir la llet de vaca per llet vegetal d&#039;arr\u00f2s o d&#039;ametlles i queden tamb\u00e9 molt bons. Els hem omplert amb Crema de Xocolata i Avellanes feta a casa.<br>Vols veure com preparem els Crepes amb Harina de Espelta? D\u00f3na-li al Play.<\/p>\n\n\n\n<figure class=\"wp-block-embed is-type-video is-provider-youtube wp-block-embed-youtube wp-embed-aspect-16-9 wp-has-aspect-ratio\"><div class=\"wp-block-embed__wrapper\">\n<iframe title=\"Creps amb farina d&#039;espelta\" width=\"500\" height=\"281\" src=\"https:\/\/www.youtube.com\/embed\/mOh8153I1NQ?feature=oembed\" frameborder=\"0\" allow=\"accelerometer; autoplay; clipboard-write; encrypted-media; gyroscope; picture-in-picture; web-share\" referrerpolicy=\"strict-origin-when-cross-origin\" allowfullscreen><\/iframe>\n<\/div><\/figure>\n\n\n\n<p><a href=\"https:\/\/elfornerdealella.com\/ca\/crema-de-cacau-amb-avellanes-nutella\/\">Prepara la teva pr\u00f2pia Crema d&#039;Avellanes<\/a><\/p>\n\n\n\n<h2 class=\"wp-block-heading\">INGREDIENTS:<\/h2>\n\n\n\n<ul class=\"wp-block-list\">\n<li>\u00a0320 grs. Farina d&#039;espelta integral<\/li>\n\n\n\n<li>4 Ous<\/li>\n\n\n\n<li>500 ml. Llet<\/li>\n\n\n\n<li>100 grs. Mantega<\/li>\n\n\n\n<li>50 grs. Sucre<\/li>\n\n\n\n<li>1 pessic de Sal<\/li>\n<\/ul>\n\n\n\n<h2 class=\"wp-block-heading\">ELABORACI\u00d3:<\/h2>\n\n\n\n<ul class=\"wp-block-list\">\n<li>Posarem els ous en un bol i batrem. Afegirem la mantega a temperatura ambient, el sucre i la sal. Batrem una mica per integrar la mantega.<\/li>\n\n\n\n<li>Hi afegirem la llet i despr\u00e9s la farina d&#039;espelta. Barrejarem amb un batedor de varetes i finalitzarem batent amb un batedor el\u00e8ctric perqu\u00e8 quedi tot ben barrejat.<\/li>\n\n\n\n<li>Taparem amb paper film i deixarem en rep\u00f2s durant uns 30 minuts a la nevera.<\/li>\n\n\n\n<li>En una paella antiadherent posarem una espurna d&#039;oli i quan estigui la paella calenta abocarem al centre de la paella un cullerot de massa i anirem movent la paella fins a omplir tot el fons. L&#039;oli nom\u00e9s es posa a la primera crep.<\/li>\n\n\n\n<li>Amb una esp\u00e0tula de fusta comprovarem que ja estigui cuita la part de baix i donarem la volta. Normalment solen ser uns 45\/50 segons per banda. Amb aquests ingredients han sortit 10 creps, ja dep\u00e8n del di\u00e0metre de la paella.<\/li>\n\n\n\n<li>Omplirem la crepe amb la crema d&#039;avellanes que distribu\u00efm per tota la base. Doblegarem la crep i tornarem a doblegar, aix\u00ed ens quedar\u00e0 la forma de triangle.<\/li>\n\n\n\n<li>Adornarem per sobre amb xarop de xocolata, o amb sucre m\u00f2lt.<\/li>\n<\/ul>\n\n\n\n<h3 class=\"wp-block-heading\">Mandonguilles amb salsa d&#039;Ametlles que els agradaran molt ja que tenen un sabor molt suau i tu les pots preparar amb antelaci\u00f3, ja que reposades encara estan millor.<\/h3>\n\n\n\n<figure class=\"wp-block-image alignleft\"><img decoding=\"async\" src=\"https:\/\/elfornerdealella.com\/wp-content\/uploads\/2021\/03\/Crepes-con-harina-de-espelta10-260x180-1.jpg\" alt=\"Recepta de\" class=\"wp-image-14547\" title=\"Recepta de\"><\/figure>\n\n\n\n<figure class=\"wp-block-image alignleft\"><img decoding=\"async\" src=\"https:\/\/elfornerdealella.com\/wp-content\/uploads\/2021\/03\/Crepes-con-harina-de-espelta17-260x180-1.jpg\" alt=\"Recepta de\" class=\"wp-image-14548\" title=\"Recepta de\"><\/figure>\n\n\n\n<figure class=\"wp-block-image alignleft\"><img decoding=\"async\" src=\"https:\/\/elfornerdealella.com\/wp-content\/uploads\/2021\/03\/Crepes-con-harina-de-espelta25-260x180-1.jpg\" alt=\"Recepta de\" class=\"wp-image-14549\" title=\"Recepta de\"><\/figure>\n\n\n\n<figure class=\"wp-block-image alignleft\"><img decoding=\"async\" src=\"https:\/\/elfornerdealella.com\/wp-content\/uploads\/2021\/03\/Crepes-con-harina-de-espelta35-260x180-1.jpg\" alt=\"Recepta de\" class=\"wp-image-14550\" title=\"Recepta de\"><\/figure>\n\n\n\n<figure class=\"wp-block-image alignleft\"><img decoding=\"async\" src=\"https:\/\/elfornerdealella.com\/wp-content\/uploads\/2021\/03\/Crepes-con-harina-de-espelta41-260x180-1.jpg\" alt=\"Recepta de\" class=\"wp-image-14551\" title=\"Recepta de\"><\/figure>\n\n\n\n<figure class=\"wp-block-image alignleft\"><img decoding=\"async\" src=\"https:\/\/elfornerdealella.com\/wp-content\/uploads\/2021\/03\/Crepes-con-harina-de-espelta55-260x180-1.jpg\" alt=\"Recepta de\" class=\"wp-image-14552\" title=\"Recepta de\"><\/figure>","protected":false},"excerpt":{"rendered":"<p>Estos son unos Crepes con Harina de Espelta deliciosos Su peculiaridad es que los preparamos con harina de espelta integral, si quieres puedes sustituir la leche de vaca por leche vegetal de arroz o de almendras y quedan tambi\u00e9n muy buenos.\u00a0 Los hemos rellenado con Crema de Chocolate y Avellanas hecha en casa.Quieres ver c\u00f3mo [&hellip;]<\/p>\n","protected":false},"author":1,"featured_media":11113,"comment_status":"open","ping_status":"open","sticky":false,"template":"","format":"standard","meta":{"site-sidebar-layout":"default","site-content-layout":"","ast-site-content-layout":"default","site-content-style":"default","site-sidebar-style":"default","ast-global-header-display":"","ast-banner-title-visibility":"","ast-main-header-display":"","ast-hfb-above-header-display":"","ast-hfb-below-header-display":"","ast-hfb-mobile-header-display":"","site-post-title":"","ast-breadcrumbs-content":"","ast-featured-img":"","footer-sml-layout":"","ast-disable-related-posts":"","theme-transparent-header-meta":"","adv-header-id-meta":"","stick-header-meta":"","header-above-stick-meta":"","header-main-stick-meta":"","header-below-stick-meta":"","astra-migrate-meta-layouts":"default","ast-page-background-enabled":"default","ast-page-background-meta":{"desktop":{"background-color":"","background-image":"","background-repeat":"repeat","background-position":"center center","background-size":"auto","background-attachment":"scroll","background-type":"","background-media":"","overlay-type":"","overlay-color":"","overlay-opacity":"","overlay-gradient":""},"tablet":{"background-color":"","background-image":"","background-repeat":"repeat","background-position":"center center","background-size":"auto","background-attachment":"scroll","background-type":"","background-media":"","overlay-type":"","overlay-color":"","overlay-opacity":"","overlay-gradient":""},"mobile":{"background-color":"","background-image":"","background-repeat":"repeat","background-position":"center center","background-size":"auto","background-attachment":"scroll","background-type":"","background-media":"","overlay-type":"","overlay-color":"","overlay-opacity":"","overlay-gradient":""}},"ast-content-background-meta":{"desktop":{"background-color":"var(--ast-global-color-5)","background-image":"","background-repeat":"repeat","background-position":"center center","background-size":"auto","background-attachment":"scroll","background-type":"","background-media":"","overlay-type":"","overlay-color":"","overlay-opacity":"","overlay-gradient":""},"tablet":{"background-color":"var(--ast-global-color-5)","background-image":"","background-repeat":"repeat","background-position":"center center","background-size":"auto","background-attachment":"scroll","background-type":"","background-media":"","overlay-type":"","overlay-color":"","overlay-opacity":"","overlay-gradient":""},"mobile":{"background-color":"var(--ast-global-color-5)","background-image":"","background-repeat":"repeat","background-position":"center center","background-size":"auto","background-attachment":"scroll","background-type":"","background-media":"","overlay-type":"","overlay-color":"","overlay-opacity":"","overlay-gradient":""}},"footnotes":""},"categories":[49],"tags":[2161,3283],"class_list":["post-4018","post","type-post","status-publish","format-standard","has-post-thumbnail","hentry","category-postres-caseros","tag-crepes","tag-crepes-con-harina-de-espelta"],"_links":{"self":[{"href":"https:\/\/elfornerdealella.com\/ca\/wp-json\/wp\/v2\/posts\/4018","targetHints":{"allow":["GET"]}}],"collection":[{"href":"https:\/\/elfornerdealella.com\/ca\/wp-json\/wp\/v2\/posts"}],"about":[{"href":"https:\/\/elfornerdealella.com\/ca\/wp-json\/wp\/v2\/types\/post"}],"author":[{"embeddable":true,"href":"https:\/\/elfornerdealella.com\/ca\/wp-json\/wp\/v2\/users\/1"}],"replies":[{"embeddable":true,"href":"https:\/\/elfornerdealella.com\/ca\/wp-json\/wp\/v2\/comments?post=4018"}],"version-history":[{"count":4,"href":"https:\/\/elfornerdealella.com\/ca\/wp-json\/wp\/v2\/posts\/4018\/revisions"}],"predecessor-version":[{"id":11116,"href":"https:\/\/elfornerdealella.com\/ca\/wp-json\/wp\/v2\/posts\/4018\/revisions\/11116"}],"wp:featuredmedia":[{"embeddable":true,"href":"https:\/\/elfornerdealella.com\/ca\/wp-json\/wp\/v2\/media\/11113"}],"wp:attachment":[{"href":"https:\/\/elfornerdealella.com\/ca\/wp-json\/wp\/v2\/media?parent=4018"}],"wp:term":[{"taxonomy":"category","embeddable":true,"href":"https:\/\/elfornerdealella.com\/ca\/wp-json\/wp\/v2\/categories?post=4018"},{"taxonomy":"post_tag","embeddable":true,"href":"https:\/\/elfornerdealella.com\/ca\/wp-json\/wp\/v2\/tags?post=4018"}],"curies":[{"name":"wp","href":"https:\/\/api.w.org\/{rel}","templated":true}]}}