{"id":3021,"date":"2016-06-09T13:29:52","date_gmt":"2016-06-09T11:29:52","guid":{"rendered":"https:\/\/nova.elfornerdealella.com\/?p=3021"},"modified":"2024-04-27T11:06:02","modified_gmt":"2024-04-27T09:06:02","slug":"coca-de-llavaneres-farcida-de-xocolata","status":"publish","type":"post","link":"https:\/\/elfornerdealella.com\/ca\/coca-de-llavaneres-rellena-de-chocolate\/","title":{"rendered":"Coca de Llavaneres farcida de Xocolata"},"content":{"rendered":"<p>Avui al Forner d&#039;Alella prepararem una deliciosa Coca de Llavaneres farcida de Xocolata i coberta per sobre amb Ametlla en pols i Pinyons. Aquesta coca encanta als nens i \u00e9s molt f\u00e0cil de fer. Segueix els passos per elaborar aquesta recepta deliciosa per a Sant Joan<\/p>\n\n\n\n<figure class=\"wp-block-embed is-type-video is-provider-youtube wp-block-embed-youtube wp-embed-aspect-16-9 wp-has-aspect-ratio\"><div class=\"wp-block-embed__wrapper\">\n<iframe title=\"Coca de Llavaneres farcida de xocolata\" width=\"500\" height=\"281\" src=\"https:\/\/www.youtube.com\/embed\/zGPU3la66Q8?feature=oembed\" frameborder=\"0\" allow=\"accelerometer; autoplay; clipboard-write; encrypted-media; gyroscope; picture-in-picture; web-share\" referrerpolicy=\"strict-origin-when-cross-origin\" allowfullscreen><\/iframe>\n<\/div><\/figure>\n\n\n\n<h2 class=\"wp-block-heading\">INGREDIENTS:<\/h2>\n\n\n\n<ul class=\"wp-block-list\"><li>2 Plaques de pasta de full rectangulars<\/li><li>5 Clares d&#039;ou<\/li><li>40 grs. Ametlla m\u00f2lta<\/li><li>40 grs. Pinyons<\/li><li>250 grs. Xocolata Fondant<\/li><li>100 ml. Nata per muntar al 35% mat\u00e8ria greix<\/li><li>Sucre per empolvorar<\/li><\/ul>\n\n\n\n<h2 class=\"wp-block-heading\">ELABORACI\u00d3:<\/h2>\n\n\n\n<ul class=\"wp-block-list\"><li>Posem la nata en un cass\u00f3 i quan est\u00e0 calenta afegim la xocolata esmicolada. Remenem constantment perqu\u00e8 no s&#039;enganxi la xocolata. Un cop dissolt apaguem el foc.<\/li><li>En una safata de forn amb el paper de coure estenem una placa de pasta de full i tallem el sobrant del paper. Punxem tota la base amb una forquilla perqu\u00e8 no pugi massa la pasta de full.<\/li><li>A sobre distribu\u00efm la xocolata i allisem.<\/li><li>Posem l&#039;altra placa de pasta de full a sobre i amb un ganivet sense punta anem unint els laterals de les plaques perqu\u00e8 no surti la xocolata.<\/li><li>Muntem les clares d&#039;ou a punt de neu amb unes varetes el\u00e8ctriques. Abans de muntar les clares els hi afegim una mica de sal.<\/li><li>Estenem les clares per sobre de la pasta de full ia continuaci\u00f3 distribu\u00efm per sobre l&#039;ametlla m\u00f2lta i els pinyons que hem deixat uns 10 minuts en remull i aix\u00ed no es cremaran en coure&#039;ls. Finalment distribu\u00efm el sucre en gra per sobre. Cal posar for\u00e7a sucre.<\/li><li>Hem preescalfat el forn a 180 \u00ba cent\u00edgrads per dalt i baix i enfornem durant uns 30 minuts aproximadament. Dep\u00e8n de cada forn.<\/li><li>Deixarem refredar abans de treure la nostra coca de la safata.<\/li><\/ul>\n\n\n\n<h3 class=\"wp-block-heading\">Us aconsello que veieu el v\u00eddeo de Coca de Llavaneres farcida de xocolata per a una millor comprensi\u00f3 de tot all\u00f2 explicat.<\/b><\/p>\n\n\n\n<figure class=\"wp-block-gallery columns-3 is-cropped wp-block-gallery-1 is-layout-flex wp-block-gallery-is-layout-flex\"><ul class=\"blocks-gallery-grid\"><li class=\"blocks-gallery-item\"><figure><img decoding=\"async\" src=\"https:\/\/elfornerdealella.com\/wp-content\/uploads\/2021\/03\/coca-de-llavaneres-rellena-de-chocolate18.jpg\" alt=\"Recepta de\" data-id=\"12499\" data-link=\"https:\/\/elfornerdealella.com\/coca-llavaneres-rellena-chocolate\/coca-de-llavaneres-rellena-de-chocolate18\/\" class=\"wp-image-12499\" title=\"Recepta de\"><\/figure><\/li><li class=\"blocks-gallery-item\"><figure><img decoding=\"async\" src=\"https:\/\/elfornerdealella.com\/wp-content\/uploads\/2021\/03\/coca-de-llavaneres-rellena-de-chocolate10.jpg\" alt=\"Recepta de\" data-id=\"12500\" data-link=\"https:\/\/elfornerdealella.com\/coca-llavaneres-rellena-chocolate\/coca-de-llavaneres-rellena-de-chocolate10\/\" class=\"wp-image-12500\" title=\"Recepta de\"><\/figure><\/li><li class=\"blocks-gallery-item\"><figure><img decoding=\"async\" src=\"https:\/\/elfornerdealella.com\/wp-content\/uploads\/2021\/03\/coca-de-llavaneres-rellena-de-chocolate23.jpg\" alt=\"Recepta de\" data-id=\"12498\" data-link=\"https:\/\/elfornerdealella.com\/coca-llavaneres-rellena-chocolate\/coca-de-llavaneres-rellena-de-chocolate23\/\" class=\"wp-image-12498\" title=\"Recepta de\"><\/figure><\/li><li class=\"blocks-gallery-item\"><figure><img decoding=\"async\" src=\"https:\/\/elfornerdealella.com\/wp-content\/uploads\/2021\/03\/coca-de-llavaneres-rellena-de-chocolate25.jpg\" alt=\"Recepta de\" data-id=\"12497\" data-link=\"https:\/\/elfornerdealella.com\/coca-llavaneres-rellena-chocolate\/coca-de-llavaneres-rellena-de-chocolate25\/\" class=\"wp-image-12497\" title=\"Recepta de\"><\/figure><\/li><li class=\"blocks-gallery-item\"><figure><img decoding=\"async\" src=\"https:\/\/elfornerdealella.com\/wp-content\/uploads\/2021\/03\/coca-de-llavaneres-rellena-de-chocolate33.jpg\" alt=\"Recepta de\" data-id=\"12496\" data-link=\"https:\/\/elfornerdealella.com\/coca-llavaneres-rellena-chocolate\/coca-de-llavaneres-rellena-de-chocolate33\/\" class=\"wp-image-12496\" title=\"Recepta de\"><\/figure><\/li><li class=\"blocks-gallery-item\"><figure><img decoding=\"async\" src=\"https:\/\/elfornerdealella.com\/wp-content\/uploads\/2021\/03\/coca-de-llavaneres-rellena-de-chocolate38.jpg\" alt=\"Recepta de\" data-id=\"12495\" data-link=\"https:\/\/elfornerdealella.com\/coca-llavaneres-rellena-chocolate\/coca-de-llavaneres-rellena-de-chocolate38\/\" class=\"wp-image-12495\" title=\"Recepta de\"><\/figure><\/li><li class=\"blocks-gallery-item\"><figure><img decoding=\"async\" src=\"https:\/\/elfornerdealella.com\/wp-content\/uploads\/2021\/03\/coca-de-llavaneres-rellena-de-chocolate43.jpg\" alt=\"Coca de Llavaneres farcida de Xocolata i el Forner\" data-id=\"12494\" data-link=\"https:\/\/elfornerdealella.com\/coca-llavaneres-rellena-chocolate\/coca-de-llavaneres-rellena-de-chocolate43\/\" class=\"wp-image-12494\" title=\"Recepta de\"><\/figure><\/li><li class=\"blocks-gallery-item\"><figure><img decoding=\"async\" src=\"https:\/\/elfornerdealella.com\/wp-content\/uploads\/2021\/03\/coca-de-llavaneres-rellena-de-chocolate07.jpg\" alt=\"Recepta de\" data-id=\"12501\" data-link=\"https:\/\/elfornerdealella.com\/coca-llavaneres-rellena-chocolate\/coca-de-llavaneres-rellena-de-chocolate07\/\" class=\"wp-image-12501\" title=\"Recepta de\"><\/figure><\/li><\/ul><\/figure>","protected":false},"excerpt":{"rendered":"<p>Hoy en el Forner de Alella vamos a preparar una deliciosa Coca de Llavaneres rellena de Chocolate y cubierta por encima con Almendra en polvo y Pi\u00f1ones. Esta coca les encanta a los ni\u00f1os y es muy f\u00e1cil de hacer. Sigue los pasos para elaborar esta deliciosa receta para Sant Joan INGREDIENTES: 2 Placas de [&hellip;]<\/p>\n","protected":false},"author":1,"featured_media":10960,"comment_status":"open","ping_status":"open","sticky":false,"template":"","format":"standard","meta":{"site-sidebar-layout":"default","site-content-layout":"","ast-site-content-layout":"default","site-content-style":"default","site-sidebar-style":"default","ast-global-header-display":"","ast-banner-title-visibility":"","ast-main-header-display":"","ast-hfb-above-header-display":"","ast-hfb-below-header-display":"","ast-hfb-mobile-header-display":"","site-post-title":"","ast-breadcrumbs-content":"","ast-featured-img":"","footer-sml-layout":"","ast-disable-related-posts":"","theme-transparent-header-meta":"","adv-header-id-meta":"","stick-header-meta":"","header-above-stick-meta":"","header-main-stick-meta":"","header-below-stick-meta":"","astra-migrate-meta-layouts":"default","ast-page-background-enabled":"default","ast-page-background-meta":{"desktop":{"background-color":"","background-image":"","background-repeat":"repeat","background-position":"center center","background-size":"auto","background-attachment":"scroll","background-type":"","background-media":"","overlay-type":"","overlay-color":"","overlay-opacity":"","overlay-gradient":""},"tablet":{"background-color":"","background-image":"","background-repeat":"repeat","background-position":"center center","background-size":"auto","background-attachment":"scroll","background-type":"","background-media":"","overlay-type":"","overlay-color":"","overlay-opacity":"","overlay-gradient":""},"mobile":{"background-color":"","background-image":"","background-repeat":"repeat","background-position":"center center","background-size":"auto","background-attachment":"scroll","background-type":"","background-media":"","overlay-type":"","overlay-color":"","overlay-opacity":"","overlay-gradient":""}},"ast-content-background-meta":{"desktop":{"background-color":"var(--ast-global-color-5)","background-image":"","background-repeat":"repeat","background-position":"center center","background-size":"auto","background-attachment":"scroll","background-type":"","background-media":"","overlay-type":"","overlay-color":"","overlay-opacity":"","overlay-gradient":""},"tablet":{"background-color":"var(--ast-global-color-5)","background-image":"","background-repeat":"repeat","background-position":"center center","background-size":"auto","background-attachment":"scroll","background-type":"","background-media":"","overlay-type":"","overlay-color":"","overlay-opacity":"","overlay-gradient":""},"mobile":{"background-color":"var(--ast-global-color-5)","background-image":"","background-repeat":"repeat","background-position":"center center","background-size":"auto","background-attachment":"scroll","background-type":"","background-media":"","overlay-type":"","overlay-color":"","overlay-opacity":"","overlay-gradient":""}},"footnotes":""},"categories":[2,622],"tags":[1761,1733,2616,2617,2618,2619,627,394,628],"class_list":["post-3021","post","type-post","status-publish","format-standard","has-post-thumbnail","hentry","category-pasteleria-casera","category-verbena-de-san-juan","tag-coca-chocolate","tag-coca-de-llavaneras","tag-coca-de-llavaneres-rellena-de-chocolate","tag-coca-de-llavaneres-rellena-de-chocolate-casera","tag-coca-farcida-xocolata","tag-como-hacer-coca-chocolate","tag-receta-coca-de-san-juan","tag-receta-de-coca","tag-receta-sant-juan"],"_links":{"self":[{"href":"https:\/\/elfornerdealella.com\/ca\/wp-json\/wp\/v2\/posts\/3021","targetHints":{"allow":["GET"]}}],"collection":[{"href":"https:\/\/elfornerdealella.com\/ca\/wp-json\/wp\/v2\/posts"}],"about":[{"href":"https:\/\/elfornerdealella.com\/ca\/wp-json\/wp\/v2\/types\/post"}],"author":[{"embeddable":true,"href":"https:\/\/elfornerdealella.com\/ca\/wp-json\/wp\/v2\/users\/1"}],"replies":[{"embeddable":true,"href":"https:\/\/elfornerdealella.com\/ca\/wp-json\/wp\/v2\/comments?post=3021"}],"version-history":[{"count":3,"href":"https:\/\/elfornerdealella.com\/ca\/wp-json\/wp\/v2\/posts\/3021\/revisions"}],"predecessor-version":[{"id":10962,"href":"https:\/\/elfornerdealella.com\/ca\/wp-json\/wp\/v2\/posts\/3021\/revisions\/10962"}],"wp:featuredmedia":[{"embeddable":true,"href":"https:\/\/elfornerdealella.com\/ca\/wp-json\/wp\/v2\/media\/10960"}],"wp:attachment":[{"href":"https:\/\/elfornerdealella.com\/ca\/wp-json\/wp\/v2\/media?parent=3021"}],"wp:term":[{"taxonomy":"category","embeddable":true,"href":"https:\/\/elfornerdealella.com\/ca\/wp-json\/wp\/v2\/categories?post=3021"},{"taxonomy":"post_tag","embeddable":true,"href":"https:\/\/elfornerdealella.com\/ca\/wp-json\/wp\/v2\/tags?post=3021"}],"curies":[{"name":"wp","href":"https:\/\/api.w.org\/{rel}","templated":true}]}}