{"id":2471,"date":"2016-02-18T14:31:33","date_gmt":"2016-02-18T14:31:33","guid":{"rendered":"https:\/\/nova.elfornerdealella.com\/?p=2471"},"modified":"2024-04-23T14:23:20","modified_gmt":"2024-04-23T12:23:20","slug":"pastissets-de-mantega-amb-fideus-de-xocolata","status":"publish","type":"post","link":"https:\/\/elfornerdealella.com\/ca\/pastelitos-de-mantequilla-con-fideos-de-chocolate\/","title":{"rendered":"Pastissets de Mantega amb Fideus de Xocolata"},"content":{"rendered":"<p>El Forner d&#039;Alella prepara uns deliciosos bescuits individuals coberts de Crema de Mantega i Fideus de Xocolata. S\u00f3n f\u00e0cils de fer a casa i us agradaran molt. Si t&#039;agrada aquesta recepta no dubtis en compartir-la, podr\u00e0s trobar m\u00e9s receptes a <a href=\"https:\/\/elfornerdealella.com\/ca\/\">elfornerdealella.com<\/a><\/p>\n\n\n\n<figure class=\"wp-block-embed is-type-video is-provider-youtube wp-block-embed-youtube wp-embed-aspect-16-9 wp-has-aspect-ratio\"><div class=\"wp-block-embed__wrapper\">\n<iframe title=\"Pastissets de Mantega amb fideus de Xocolata\" width=\"500\" height=\"281\" src=\"https:\/\/www.youtube.com\/embed\/4rP8doXcfrM?feature=oembed\" frameborder=\"0\" allow=\"accelerometer; autoplay; clipboard-write; encrypted-media; gyroscope; picture-in-picture; web-share\" referrerpolicy=\"strict-origin-when-cross-origin\" allowfullscreen><\/iframe>\n<\/div><\/figure>\n\n\n\n<h2 class=\"wp-block-heading\">INGREDIENTS:<\/h2>\n\n\n\n<ul class=\"wp-block-list\">\n<li>1 <a href=\"https:\/\/elfornerdealella.com\/ca\/bizcocho-rapido-yogurt\/\">Pa de pessic rectangular (feu clic aqu\u00ed per a la recepta)<\/a><\/li>\n\n\n\n<li>150 grs. Fideus de Xocolata<\/li>\n\n\n\n<li>250 grs. <a href=\"https:\/\/elfornerdealella.com\/ca\/crema-de-mantega\/\">Crema de Mantega (feu clic aqu\u00ed per a la recepta)<\/a><\/li>\n\n\n\n<li>Alm\u00edvar de Ron<\/li>\n\n\n\n<li>Melmelada d&#039;Albaricoque<\/li>\n\n\n\n<li>Cireres confitades<\/li>\n<\/ul>\n\n\n\n<p>Per fer l&#039;Alm\u00edvar de Ron:<\/p>\n\n\n\n<ul class=\"wp-block-list\">\n<li>100 grs. Sucre<\/li>\n\n\n\n<li>50 ml. Aigua<\/li>\n\n\n\n<li>50 ml. Ron Negre<\/li>\n<\/ul>\n\n\n\n<p>Per fer la Crema de Mantega:<\/p>\n\n\n\n<ul class=\"wp-block-list\">\n<li>125 grs. Mantega<\/li>\n\n\n\n<li>75 ml. Sucre<\/li>\n\n\n\n<li>50 ml. Aigua<\/li>\n<\/ul>\n\n\n\n<h2 class=\"wp-block-heading\">ELABORACI\u00d3<strong>:<\/strong><\/h2>\n\n\n\n<ul class=\"wp-block-list\">\n<li>Tallarem el pa de pessic rectangular en porcions d&#039;uns 6 x 6 cms. Els partirem per la meitat.<\/li>\n\n\n\n<li>Pintarem amb alm\u00edvar una de les dues parts del quadrat i posarem per sobre la melmelada ben distribu\u00efda.<\/li>\n\n\n\n<li>Distribuirem la crema de mantega per la part de sobre i tots els laterals.<\/li>\n\n\n\n<li>Arrebossarem els pastissets amb els fideus de xocolata.<\/li>\n\n\n\n<li>Posem una mica de crema de mantega en una m\u00e0niga pastissera, fem una boleta al centre ia sobre posarem mitja cirera confitada.<\/li>\n<\/ul>\n\n\n\n<h3 class=\"wp-block-heading\">Us aconsello que veieu el v\u00eddeo dels Pastissets de Mantega amb Fideus de Xocolata per a una millor comprensi\u00f3 de tot all\u00f2 explicat.<\/b><\/p>\n\n\n\n<figure class=\"wp-block-gallery has-nested-images columns-3 is-cropped wp-block-gallery-1 is-layout-flex wp-block-gallery-is-layout-flex\">\n<figure class=\"wp-block-image size-large\"><img fetchpriority=\"high\" decoding=\"async\" width=\"500\" height=\"374\" data-id=\"2472\" src=\"https:\/\/elfornerdealella.com\/wp-content\/uploads\/2021\/03\/Pastelitos-de-Mantequilla-con-fideos-de-Chocolate.jpg\" alt=\"Recepta de\" class=\"wp-image-2472\" title=\"Recepta de\" srcset=\"https:\/\/elfornerdealella.com\/wp-content\/uploads\/2021\/03\/Pastelitos-de-Mantequilla-con-fideos-de-Chocolate.jpg 500w, https:\/\/elfornerdealella.com\/wp-content\/uploads\/2021\/03\/Pastelitos-de-Mantequilla-con-fideos-de-Chocolate-300x224.jpg 300w\" sizes=\"(max-width: 500px) 100vw, 500px\" \/><\/figure>\n\n\n\n<figure class=\"wp-block-image size-large\"><img decoding=\"async\" width=\"372\" height=\"268\" data-id=\"2473\" src=\"https:\/\/elfornerdealella.com\/wp-content\/uploads\/2021\/03\/Pastelitos-de-Mantequilla-con-fideos-de-Chocolate11.jpg\" alt=\"Recepta de\" class=\"wp-image-2473\" title=\"Recepta de\" srcset=\"https:\/\/elfornerdealella.com\/wp-content\/uploads\/2021\/03\/Pastelitos-de-Mantequilla-con-fideos-de-Chocolate11.jpg 372w, https:\/\/elfornerdealella.com\/wp-content\/uploads\/2021\/03\/Pastelitos-de-Mantequilla-con-fideos-de-Chocolate11-300x216.jpg 300w\" sizes=\"(max-width: 372px) 100vw, 372px\" \/><\/figure>\n\n\n\n<figure class=\"wp-block-image size-large\"><img decoding=\"async\" width=\"525\" height=\"345\" data-id=\"2474\" src=\"https:\/\/elfornerdealella.com\/wp-content\/uploads\/2021\/03\/Pastelitos-de-Mantequilla-con-fideos-de-Chocolate14.jpg\" alt=\"Recepta de\" class=\"wp-image-2474\" title=\"Recepta de\"><\/figure>\n\n\n\n<figure class=\"wp-block-image size-large\"><img loading=\"lazy\" decoding=\"async\" width=\"558\" height=\"344\" data-id=\"2475\" src=\"https:\/\/elfornerdealella.com\/wp-content\/uploads\/2021\/03\/Pastelitos-de-Mantequilla-con-fideos-de-Chocolate16.jpg\" alt=\"Recepta de\" class=\"wp-image-2475\" title=\"Recepta de\" srcset=\"https:\/\/elfornerdealella.com\/wp-content\/uploads\/2021\/03\/Pastelitos-de-Mantequilla-con-fideos-de-Chocolate16.jpg 558w, https:\/\/elfornerdealella.com\/wp-content\/uploads\/2021\/03\/Pastelitos-de-Mantequilla-con-fideos-de-Chocolate16-300x185.jpg 300w\" sizes=\"(max-width: 558px) 100vw, 558px\" \/><\/figure>\n\n\n\n<figure class=\"wp-block-image size-large\"><img loading=\"lazy\" decoding=\"async\" width=\"482\" height=\"363\" data-id=\"2476\" src=\"https:\/\/elfornerdealella.com\/wp-content\/uploads\/2021\/03\/Pastelitos-de-Mantequilla-con-fideos-de-Chocolate18.jpg\" alt=\"Recepta de\" class=\"wp-image-2476\" title=\"Recepta de\"><\/figure>\n\n\n\n<figure class=\"wp-block-image size-large\"><img loading=\"lazy\" decoding=\"async\" width=\"462\" height=\"338\" data-id=\"2477\" src=\"https:\/\/elfornerdealella.com\/wp-content\/uploads\/2021\/03\/Pastelitos-de-Mantequilla-con-fideos-de-Chocolate20.jpg\" alt=\"Recepta de\" class=\"wp-image-2477\" title=\"Recepta de\" srcset=\"https:\/\/elfornerdealella.com\/wp-content\/uploads\/2021\/03\/Pastelitos-de-Mantequilla-con-fideos-de-Chocolate20.jpg 462w, https:\/\/elfornerdealella.com\/wp-content\/uploads\/2021\/03\/Pastelitos-de-Mantequilla-con-fideos-de-Chocolate20-300x219.jpg 300w\" sizes=\"(max-width: 462px) 100vw, 462px\" \/><\/figure>\n\n\n\n<figure class=\"wp-block-image size-large\"><img loading=\"lazy\" decoding=\"async\" width=\"489\" height=\"333\" data-id=\"2478\" src=\"https:\/\/elfornerdealella.com\/wp-content\/uploads\/2021\/03\/Pastelitos-de-Mantequilla-con-fideos-de-Chocolate24.jpg\" alt=\"Recepta de\" class=\"wp-image-2478\" title=\"Recepta de\" srcset=\"https:\/\/elfornerdealella.com\/wp-content\/uploads\/2021\/03\/Pastelitos-de-Mantequilla-con-fideos-de-Chocolate24.jpg 489w, https:\/\/elfornerdealella.com\/wp-content\/uploads\/2021\/03\/Pastelitos-de-Mantequilla-con-fideos-de-Chocolate24-300x204.jpg 300w\" sizes=\"(max-width: 489px) 100vw, 489px\" \/><\/figure>\n\n\n\n<figure class=\"wp-block-image size-large\"><img loading=\"lazy\" decoding=\"async\" width=\"396\" height=\"370\" data-id=\"2479\" src=\"https:\/\/elfornerdealella.com\/wp-content\/uploads\/2021\/03\/Pastelitos-de-Mantequilla-con-fideos-de-Chocolate27.jpg\" alt=\"Recepta de\" class=\"wp-image-2479\" title=\"Recepta de\"><\/figure>\n\n\n\n<figure class=\"wp-block-image size-large\"><img loading=\"lazy\" decoding=\"async\" width=\"610\" height=\"432\" data-id=\"2480\" src=\"https:\/\/elfornerdealella.com\/wp-content\/uploads\/2021\/03\/Pastelitos-de-Mantequilla-con-fideos-de-Chocolate01.jpg\" alt=\"Recepta de\" class=\"wp-image-2480\" title=\"Recepta de\" srcset=\"https:\/\/elfornerdealella.com\/wp-content\/uploads\/2021\/03\/Pastelitos-de-Mantequilla-con-fideos-de-Chocolate01.jpg 610w, https:\/\/elfornerdealella.com\/wp-content\/uploads\/2021\/03\/Pastelitos-de-Mantequilla-con-fideos-de-Chocolate01-600x425.jpg 600w\" sizes=\"(max-width: 610px) 100vw, 610px\" \/><\/figure>\n<\/figure>","protected":false},"excerpt":{"rendered":"<p>El Forner de Alella prepara unos deliciosos bizcochos individuales cubiertos de Crema de Mantequilla y Fideos de Chocolate. Son f\u00e1ciles de hacer en casa y os gustar\u00e1n mucho. Si te gusta esta receta no dudes en compartirla, podr\u00e1s encontrar m\u00e1s recetas en elfornerdealella.com INGREDIENTES: Para hacer el Alm\u00edbar de Ron: Para hacer la Crema de [&hellip;]<\/p>\n","protected":false},"author":1,"featured_media":10144,"comment_status":"open","ping_status":"open","sticky":false,"template":"","format":"standard","meta":{"site-sidebar-layout":"default","site-content-layout":"","ast-site-content-layout":"default","site-content-style":"default","site-sidebar-style":"default","ast-global-header-display":"","ast-banner-title-visibility":"","ast-main-header-display":"","ast-hfb-above-header-display":"","ast-hfb-below-header-display":"","ast-hfb-mobile-header-display":"","site-post-title":"","ast-breadcrumbs-content":"","ast-featured-img":"","footer-sml-layout":"","ast-disable-related-posts":"","theme-transparent-header-meta":"","adv-header-id-meta":"","stick-header-meta":"","header-above-stick-meta":"","header-main-stick-meta":"","header-below-stick-meta":"","astra-migrate-meta-layouts":"default","ast-page-background-enabled":"default","ast-page-background-meta":{"desktop":{"background-color":"","background-image":"","background-repeat":"repeat","background-position":"center center","background-size":"auto","background-attachment":"scroll","background-type":"","background-media":"","overlay-type":"","overlay-color":"","overlay-opacity":"","overlay-gradient":""},"tablet":{"background-color":"","background-image":"","background-repeat":"repeat","background-position":"center center","background-size":"auto","background-attachment":"scroll","background-type":"","background-media":"","overlay-type":"","overlay-color":"","overlay-opacity":"","overlay-gradient":""},"mobile":{"background-color":"","background-image":"","background-repeat":"repeat","background-position":"center center","background-size":"auto","background-attachment":"scroll","background-type":"","background-media":"","overlay-type":"","overlay-color":"","overlay-opacity":"","overlay-gradient":""}},"ast-content-background-meta":{"desktop":{"background-color":"var(--ast-global-color-5)","background-image":"","background-repeat":"repeat","background-position":"center center","background-size":"auto","background-attachment":"scroll","background-type":"","background-media":"","overlay-type":"","overlay-color":"","overlay-opacity":"","overlay-gradient":""},"tablet":{"background-color":"var(--ast-global-color-5)","background-image":"","background-repeat":"repeat","background-position":"center center","background-size":"auto","background-attachment":"scroll","background-type":"","background-media":"","overlay-type":"","overlay-color":"","overlay-opacity":"","overlay-gradient":""},"mobile":{"background-color":"var(--ast-global-color-5)","background-image":"","background-repeat":"repeat","background-position":"center center","background-size":"auto","background-attachment":"scroll","background-type":"","background-media":"","overlay-type":"","overlay-color":"","overlay-opacity":"","overlay-gradient":""}},"footnotes":""},"categories":[2],"tags":[2357,2358,2359,2360,574,2361],"class_list":["post-2471","post","type-post","status-publish","format-standard","has-post-thumbnail","hentry","category-pasteleria-casera","tag-pastelitos-caseros","tag-pastelitos-de-mantequilla","tag-pastelitos-de-mantequilla-con-fideos-de-chocolate","tag-receta-de-pastelitos","tag-receta-pasteleria","tag-video-receta-pastelitos-de-mantequilla"],"_links":{"self":[{"href":"https:\/\/elfornerdealella.com\/ca\/wp-json\/wp\/v2\/posts\/2471","targetHints":{"allow":["GET"]}}],"collection":[{"href":"https:\/\/elfornerdealella.com\/ca\/wp-json\/wp\/v2\/posts"}],"about":[{"href":"https:\/\/elfornerdealella.com\/ca\/wp-json\/wp\/v2\/types\/post"}],"author":[{"embeddable":true,"href":"https:\/\/elfornerdealella.com\/ca\/wp-json\/wp\/v2\/users\/1"}],"replies":[{"embeddable":true,"href":"https:\/\/elfornerdealella.com\/ca\/wp-json\/wp\/v2\/comments?post=2471"}],"version-history":[{"count":3,"href":"https:\/\/elfornerdealella.com\/ca\/wp-json\/wp\/v2\/posts\/2471\/revisions"}],"predecessor-version":[{"id":10146,"href":"https:\/\/elfornerdealella.com\/ca\/wp-json\/wp\/v2\/posts\/2471\/revisions\/10146"}],"wp:featuredmedia":[{"embeddable":true,"href":"https:\/\/elfornerdealella.com\/ca\/wp-json\/wp\/v2\/media\/10144"}],"wp:attachment":[{"href":"https:\/\/elfornerdealella.com\/ca\/wp-json\/wp\/v2\/media?parent=2471"}],"wp:term":[{"taxonomy":"category","embeddable":true,"href":"https:\/\/elfornerdealella.com\/ca\/wp-json\/wp\/v2\/categories?post=2471"},{"taxonomy":"post_tag","embeddable":true,"href":"https:\/\/elfornerdealella.com\/ca\/wp-json\/wp\/v2\/tags?post=2471"}],"curies":[{"name":"wp","href":"https:\/\/api.w.org\/{rel}","templated":true}]}}