{"id":2356,"date":"2016-01-21T13:31:01","date_gmt":"2016-01-21T13:31:01","guid":{"rendered":"https:\/\/nova.elfornerdealella.com\/?p=2356"},"modified":"2024-04-29T12:17:21","modified_gmt":"2024-04-29T10:17:21","slug":"panets-de-formatge","status":"publish","type":"post","link":"https:\/\/elfornerdealella.com\/ca\/panecillos-de-queso\/","title":{"rendered":"Panets de formatge"},"content":{"rendered":"<p>Descobreix com preparar uns irresistibles Panets de Formatge amb aquesta recepta deliciosa. Aquests petits mos s\u00f3n molt apetitosos i s\u00f3n ideals per acompanyar aperitius o berenars. Si gaudeixes de la nostra v\u00eddeo recepta de Panets de Formatge, no dubtis a compartir-la per ajudar-nos a cr\u00e9ixer. <\/p>\n\n\n\n<figure class=\"wp-block-embed is-type-video is-provider-youtube wp-block-embed-youtube wp-embed-aspect-16-9 wp-has-aspect-ratio\"><div class=\"wp-block-embed__wrapper\">\n<iframe title=\"Panets de formatge\" width=\"500\" height=\"281\" src=\"https:\/\/www.youtube.com\/embed\/ybGb9WvkCIo?feature=oembed\" frameborder=\"0\" allow=\"accelerometer; autoplay; clipboard-write; encrypted-media; gyroscope; picture-in-picture; web-share\" referrerpolicy=\"strict-origin-when-cross-origin\" allowfullscreen><\/iframe>\n<\/div><\/figure>\n\n\n\n<h2 class=\"wp-block-heading\">INGREDIENTS:<\/h2>\n\n\n\n<ul class=\"wp-block-list\">\n<li>200 grs. Farina de For\u00e7a<\/li>\n\n\n\n<li>200 grs. Farina de Forn<\/li>\n\n\n\n<li>150 ml. Aigua<\/li>\n\n\n\n<li>100 ml. Llet<\/li>\n\n\n\n<li>70 grs. Mantega<\/li>\n\n\n\n<li>8 grs. Sucre<\/li>\n\n\n\n<li>8 grs. Sal<\/li>\n\n\n\n<li>7 grs. Llevat en pols de Forn<\/li>\n\n\n\n<li>80 grs. Formatge Parmes\u00e0 ratllat<\/li>\n\n\n\n<li>1 Ou per pintar<\/li>\n\n\n\n<li>Formatge Parmes\u00e0 ratllat<\/li>\n<\/ul>\n\n\n\n<h2 class=\"wp-block-heading\">ELABORACI\u00d3:<\/h2>\n\n\n\n<ul class=\"wp-block-list\">\n<li>Tamisarem la farina i hi afegirem el llevat, la sal, el sucre, la llet i l&#039;aigua. Amassarem dins del bol fins que la massa s&#039;enlairi de les parets.<\/li>\n\n\n\n<li>Posarem la massa a la taula de treball i hi afegim la mantega a temperatura ambient. Amassem amb les mans uns 2 minuts. Afegim el formatge parmes\u00e0 i continuem pastant.<\/li>\n\n\n\n<li>Quan ens costi seguir pastant cal deixar reposar la massa tapada amb un drap durant 10 minuts. La massa quedar\u00e0 molt m\u00e9s manejable i continuarem pastant durant 1 minut m\u00e9s. Tornar\u00e0 a tenir tenacitat i la deixarem reposar una altra vegada.<\/li>\n\n\n\n<li>Amassarem una mica m\u00e9s. Farem una bola i la deixarem reposar tapada amb el bol fins que dobli el volum.<\/li>\n\n\n\n<li>Farem porcions de 50 gr. cadascuna i donem la forma de panet (veure el v\u00eddeo on s&#039;explica com fer-ho). Posarem una mica de farina a la taula de treball i deixarem reposar els panets tapats amb un drap durant uns 10 minuts empolvorats per sobre amb una mica de farina.<\/li>\n\n\n\n<li>Posarem un drap de lli sobre una safata i deixarem reposar en un lloc tancat els panets fins que dobleguin el volum.<\/li>\n\n\n\n<li>Posem una mica de farina a la taula de treball ia les mans per poder agafar el panet sense que s&#039;enganxi. Per fer un tall al panet agafem un palet de fusta o alguna cosa similar que tingueu i el poseu al centre del panet prement una mica.<\/li>\n\n\n\n<li>Dipositem el panet en una safata de forn amb paper de fornejar per sobre. Pintem el panet amb ou batut i al centre hi posem formatge ratllat.<\/li>\n\n\n\n<li>Hem preescalfat el forn a 200 \u00ba cent\u00edgrads per dalt i baix. Quan h\u00e0gim posat els panets vaporitzem amb aigua el forn per donar-li vapor i enfornem durant 20 minuts aproximadament.<\/li>\n\n\n\n<li>Si en sortir del forn la sola dels panets est\u00e0 tova, els podem capgirar i coure&#039;ls 5 minuts m\u00e9s.<\/li>\n\n\n\n<li>Deixarem refredar sobre una reixeta.<\/li>\n<\/ul>\n\n\n\n<h3 class=\"wp-block-heading\">Us aconsello que veieu el v\u00eddeo dels Panets de Formatge per a una millor comprensi\u00f3 de tot all\u00f2 explicat.<\/b><\/p>\n\n\n\n<figure class=\"wp-block-gallery has-nested-images columns-3 is-cropped wp-block-gallery-1 is-layout-flex wp-block-gallery-is-layout-flex\">\n<figure class=\"wp-block-image size-large\"><img fetchpriority=\"high\" decoding=\"async\" width=\"500\" height=\"374\" data-id=\"2357\" src=\"https:\/\/elfornerdealella.com\/wp-content\/uploads\/2021\/03\/Panecillos-de-Queso.jpg\" alt=\"Recepta de\" class=\"wp-image-2357\" title=\"Recepta de\" srcset=\"https:\/\/elfornerdealella.com\/wp-content\/uploads\/2021\/03\/Panecillos-de-Queso.jpg 500w, https:\/\/elfornerdealella.com\/wp-content\/uploads\/2021\/03\/Panecillos-de-Queso-300x224.jpg 300w\" sizes=\"(max-width: 500px) 100vw, 500px\" \/><\/figure>\n\n\n\n<figure class=\"wp-block-image size-large\"><img decoding=\"async\" width=\"541\" height=\"317\" data-id=\"2358\" src=\"https:\/\/elfornerdealella.com\/wp-content\/uploads\/2021\/03\/Panecillos-de-Queso10.jpg\" alt=\"Recepta de\" class=\"wp-image-2358\" title=\"Recepta de\" srcset=\"https:\/\/elfornerdealella.com\/wp-content\/uploads\/2021\/03\/Panecillos-de-Queso10.jpg 541w, https:\/\/elfornerdealella.com\/wp-content\/uploads\/2021\/03\/Panecillos-de-Queso10-300x176.jpg 300w\" sizes=\"(max-width: 541px) 100vw, 541px\" \/><\/figure>\n\n\n\n<figure class=\"wp-block-image size-large\"><img decoding=\"async\" width=\"475\" height=\"341\" data-id=\"2359\" src=\"https:\/\/elfornerdealella.com\/wp-content\/uploads\/2021\/03\/Panecillos-de-Queso20.jpg\" alt=\"Recepta de\" class=\"wp-image-2359\" title=\"Recepta de\" srcset=\"https:\/\/elfornerdealella.com\/wp-content\/uploads\/2021\/03\/Panecillos-de-Queso20.jpg 475w, https:\/\/elfornerdealella.com\/wp-content\/uploads\/2021\/03\/Panecillos-de-Queso20-300x215.jpg 300w\" sizes=\"(max-width: 475px) 100vw, 475px\" \/><\/figure>\n\n\n\n<figure class=\"wp-block-image size-large\"><img loading=\"lazy\" decoding=\"async\" width=\"355\" height=\"260\" data-id=\"2360\" src=\"https:\/\/elfornerdealella.com\/wp-content\/uploads\/2021\/03\/Panecillos-de-Queso28.jpg\" alt=\"Recepta de\" class=\"wp-image-2360\" title=\"Recepta de\" srcset=\"https:\/\/elfornerdealella.com\/wp-content\/uploads\/2021\/03\/Panecillos-de-Queso28.jpg 355w, https:\/\/elfornerdealella.com\/wp-content\/uploads\/2021\/03\/Panecillos-de-Queso28-300x220.jpg 300w\" sizes=\"(max-width: 355px) 100vw, 355px\" \/><\/figure>\n\n\n\n<figure class=\"wp-block-image size-large\"><img loading=\"lazy\" decoding=\"async\" width=\"471\" height=\"309\" data-id=\"2361\" src=\"https:\/\/elfornerdealella.com\/wp-content\/uploads\/2021\/03\/Panecillos-de-Queso35.jpg\" alt=\"Recepta de\" class=\"wp-image-2361\" title=\"Recepta de\"><\/figure>\n\n\n\n<figure class=\"wp-block-image size-large\"><img loading=\"lazy\" decoding=\"async\" width=\"608\" height=\"331\" data-id=\"2362\" src=\"https:\/\/elfornerdealella.com\/wp-content\/uploads\/2021\/03\/Panecillos-de-Queso41.jpg\" alt=\"Recepta de\" class=\"wp-image-2362\" title=\"Recepta de\" srcset=\"https:\/\/elfornerdealella.com\/wp-content\/uploads\/2021\/03\/Panecillos-de-Queso41.jpg 608w, https:\/\/elfornerdealella.com\/wp-content\/uploads\/2021\/03\/Panecillos-de-Queso41-600x327.jpg 600w\" sizes=\"(max-width: 608px) 100vw, 608px\" \/><\/figure>\n\n\n\n<figure class=\"wp-block-image size-large\"><img loading=\"lazy\" decoding=\"async\" width=\"548\" height=\"337\" data-id=\"2363\" src=\"https:\/\/elfornerdealella.com\/wp-content\/uploads\/2021\/03\/Panecillos-de-Queso50.jpg\" alt=\"Recepta de\" class=\"wp-image-2363\" title=\"Recepta de\"><\/figure>\n\n\n\n<figure class=\"wp-block-image size-large\"><img loading=\"lazy\" decoding=\"async\" width=\"535\" height=\"342\" data-id=\"2364\" src=\"https:\/\/elfornerdealella.com\/wp-content\/uploads\/2021\/03\/Panecillos-de-Queso58.jpg\" alt=\"Recepta de\" class=\"wp-image-2364\" title=\"Recepta de\" srcset=\"https:\/\/elfornerdealella.com\/wp-content\/uploads\/2021\/03\/Panecillos-de-Queso58.jpg 535w, https:\/\/elfornerdealella.com\/wp-content\/uploads\/2021\/03\/Panecillos-de-Queso58-300x192.jpg 300w\" sizes=\"(max-width: 535px) 100vw, 535px\" \/><\/figure>\n\n\n\n<figure class=\"wp-block-image size-large\"><img loading=\"lazy\" decoding=\"async\" width=\"430\" height=\"284\" data-id=\"2365\" src=\"https:\/\/elfornerdealella.com\/wp-content\/uploads\/2021\/03\/Panecillos-de-Queso64.jpg\" alt=\"Recepta de\" class=\"wp-image-2365\" title=\"Recepta de\" srcset=\"https:\/\/elfornerdealella.com\/wp-content\/uploads\/2021\/03\/Panecillos-de-Queso64.jpg 430w, https:\/\/elfornerdealella.com\/wp-content\/uploads\/2021\/03\/Panecillos-de-Queso64-300x198.jpg 300w\" sizes=\"(max-width: 430px) 100vw, 430px\" \/><\/figure>\n\n\n\n<figure class=\"wp-block-image size-large\"><img loading=\"lazy\" decoding=\"async\" width=\"373\" height=\"290\" data-id=\"2366\" src=\"https:\/\/elfornerdealella.com\/wp-content\/uploads\/2021\/03\/Panecillos-de-Queso69.jpg\" alt=\"Recepta de\" class=\"wp-image-2366\" title=\"Recepta de\"><\/figure>\n\n\n\n<figure class=\"wp-block-image size-large\"><img loading=\"lazy\" decoding=\"async\" width=\"560\" height=\"384\" data-id=\"2367\" src=\"https:\/\/elfornerdealella.com\/wp-content\/uploads\/2021\/03\/Panecillos-de-Queso70.jpg\" alt=\"Recepta de\" class=\"wp-image-2367\" title=\"Recepta de\"><\/figure>\n<\/figure>","protected":false},"excerpt":{"rendered":"<p>Descubre c\u00f3mo preparar unos irresistibles Panecillos de Queso con esta deliciosa receta. Estos peque\u00f1os bocados son muy apetitosos y son ideales para acompa\u00f1ar aperitivos o meriendas. Si disfrutas de nuestra video receta de Panecillos de Queso, no dudes en compartirla para ayudarnos a crecer. INGREDIENTES: ELABORACI\u00d3N: Os aconsejo que ve\u00e1is el v\u00eddeo de los Panecillos [&hellip;]<\/p>\n","protected":false},"author":1,"featured_media":11376,"comment_status":"open","ping_status":"open","sticky":false,"template":"","format":"standard","meta":{"site-sidebar-layout":"default","site-content-layout":"","ast-site-content-layout":"default","site-content-style":"default","site-sidebar-style":"default","ast-global-header-display":"","ast-banner-title-visibility":"","ast-main-header-display":"","ast-hfb-above-header-display":"","ast-hfb-below-header-display":"","ast-hfb-mobile-header-display":"","site-post-title":"","ast-breadcrumbs-content":"","ast-featured-img":"","footer-sml-layout":"","ast-disable-related-posts":"","theme-transparent-header-meta":"","adv-header-id-meta":"","stick-header-meta":"","header-above-stick-meta":"","header-main-stick-meta":"","header-below-stick-meta":"","astra-migrate-meta-layouts":"default","ast-page-background-enabled":"default","ast-page-background-meta":{"desktop":{"background-color":"","background-image":"","background-repeat":"repeat","background-position":"center center","background-size":"auto","background-attachment":"scroll","background-type":"","background-media":"","overlay-type":"","overlay-color":"","overlay-opacity":"","overlay-gradient":""},"tablet":{"background-color":"","background-image":"","background-repeat":"repeat","background-position":"center center","background-size":"auto","background-attachment":"scroll","background-type":"","background-media":"","overlay-type":"","overlay-color":"","overlay-opacity":"","overlay-gradient":""},"mobile":{"background-color":"","background-image":"","background-repeat":"repeat","background-position":"center center","background-size":"auto","background-attachment":"scroll","background-type":"","background-media":"","overlay-type":"","overlay-color":"","overlay-opacity":"","overlay-gradient":""}},"ast-content-background-meta":{"desktop":{"background-color":"var(--ast-global-color-5)","background-image":"","background-repeat":"repeat","background-position":"center center","background-size":"auto","background-attachment":"scroll","background-type":"","background-media":"","overlay-type":"","overlay-color":"","overlay-opacity":"","overlay-gradient":""},"tablet":{"background-color":"var(--ast-global-color-5)","background-image":"","background-repeat":"repeat","background-position":"center center","background-size":"auto","background-attachment":"scroll","background-type":"","background-media":"","overlay-type":"","overlay-color":"","overlay-opacity":"","overlay-gradient":""},"mobile":{"background-color":"var(--ast-global-color-5)","background-image":"","background-repeat":"repeat","background-position":"center center","background-size":"auto","background-attachment":"scroll","background-type":"","background-media":"","overlay-type":"","overlay-color":"","overlay-opacity":"","overlay-gradient":""}},"footnotes":""},"categories":[77],"tags":[2306,2307,2308,2309,2310,2311],"class_list":["post-2356","post","type-post","status-publish","format-standard","has-post-thumbnail","hentry","category-panaderia-casera","tag-como-preparar-pan-de-queso","tag-pa-de-formatge","tag-pan-de-queso","tag-pan-de-queso-casero","tag-panecillos-de-queso","tag-panets-de-formatge"],"_links":{"self":[{"href":"https:\/\/elfornerdealella.com\/ca\/wp-json\/wp\/v2\/posts\/2356","targetHints":{"allow":["GET"]}}],"collection":[{"href":"https:\/\/elfornerdealella.com\/ca\/wp-json\/wp\/v2\/posts"}],"about":[{"href":"https:\/\/elfornerdealella.com\/ca\/wp-json\/wp\/v2\/types\/post"}],"author":[{"embeddable":true,"href":"https:\/\/elfornerdealella.com\/ca\/wp-json\/wp\/v2\/users\/1"}],"replies":[{"embeddable":true,"href":"https:\/\/elfornerdealella.com\/ca\/wp-json\/wp\/v2\/comments?post=2356"}],"version-history":[{"count":3,"href":"https:\/\/elfornerdealella.com\/ca\/wp-json\/wp\/v2\/posts\/2356\/revisions"}],"predecessor-version":[{"id":11378,"href":"https:\/\/elfornerdealella.com\/ca\/wp-json\/wp\/v2\/posts\/2356\/revisions\/11378"}],"wp:featuredmedia":[{"embeddable":true,"href":"https:\/\/elfornerdealella.com\/ca\/wp-json\/wp\/v2\/media\/11376"}],"wp:attachment":[{"href":"https:\/\/elfornerdealella.com\/ca\/wp-json\/wp\/v2\/media?parent=2356"}],"wp:term":[{"taxonomy":"category","embeddable":true,"href":"https:\/\/elfornerdealella.com\/ca\/wp-json\/wp\/v2\/categories?post=2356"},{"taxonomy":"post_tag","embeddable":true,"href":"https:\/\/elfornerdealella.com\/ca\/wp-json\/wp\/v2\/tags?post=2356"}],"curies":[{"name":"wp","href":"https:\/\/api.w.org\/{rel}","templated":true}]}}