{"id":2140,"date":"2015-10-06T13:30:35","date_gmt":"2015-10-06T13:30:35","guid":{"rendered":"https:\/\/nova.elfornerdealella.com\/?p=2140"},"modified":"2024-04-29T12:40:07","modified_gmt":"2024-04-29T10:40:07","slug":"pollastre-rostit-en-cocotte","status":"publish","type":"post","link":"https:\/\/elfornerdealella.com\/ca\/pollo-asado-en-cocotte\/","title":{"rendered":"Pollastre rostit a Cocotte"},"content":{"rendered":"<p>Gaudeix d&#039;aquesta deliciosa recepta de Pollastre Rostit a Cocotte. Cuinar el pollastre sencer en una cassola ben tapada \u00e9s clau perqu\u00e8 quedi suc\u00f3s i ple de sabor. Si us ha encantat la nostra v\u00eddeo recepta, us animem a compartir-lo perqu\u00e8 m\u00e9s persones puguin gaudir d&#039;aquesta del\u00edcia culin\u00e0ria. D\u00f3na-li al play i segueix els passos de la recepta!<\/p>\n\n\n\n<figure class=\"wp-block-embed is-type-video is-provider-youtube wp-block-embed-youtube wp-embed-aspect-16-9 wp-has-aspect-ratio\"><div class=\"wp-block-embed__wrapper\">\n<iframe title=\"Pollastre rostit en cocotte\" width=\"500\" height=\"281\" src=\"https:\/\/www.youtube.com\/embed\/Hql6VlfmMT0?feature=oembed\" frameborder=\"0\" allow=\"accelerometer; autoplay; clipboard-write; encrypted-media; gyroscope; picture-in-picture; web-share\" referrerpolicy=\"strict-origin-when-cross-origin\" allowfullscreen><\/iframe>\n<\/div><\/figure>\n\n\n\n<h2 class=\"wp-block-heading\">INGREDIENTS:<\/h2>\n\n\n\n<ul class=\"wp-block-list\">\n<li>1 Pollastre de 1.5 kg.<\/li>\n\n\n\n<li>1 Ceba gran<\/li>\n\n\n\n<li>1 Pastanaga<\/li>\n\n\n\n<li>1\/2 Pebrot Vermell<\/li>\n\n\n\n<li>1\/2 Pebrot Verd<\/li>\n\n\n\n<li>2 Tom\u00e0quets madurs<\/li>\n\n\n\n<li>3 Dents d&#039;All<\/li>\n\n\n\n<li>Patates<\/li>\n\n\n\n<li>1 Llimona<\/li>\n\n\n\n<li>Mostassa de Dijon<\/li>\n\n\n\n<li>100 ml. Vi Blanc<\/li>\n\n\n\n<li>100 ml. Brandy (Conyac)<\/li>\n\n\n\n<li>Farigola<\/li>\n\n\n\n<li>Oli d&#039;Oliva<\/li>\n\n\n\n<li>Sal i Pebre Negre<\/li>\n<\/ul>\n\n\n\n<h2 class=\"wp-block-heading\">ELABORACI\u00d3:<\/h2>\n\n\n\n<ul class=\"wp-block-list\">\n<li>Renteu i netegeu el pollastre sencer. Salpebrem per fora i dins del pollastre. Untem amb mostassa tot el pollastre. Punxem la llimona sencera i fem un tall a les dents d&#039;all amb pell. Posem la llimona i els alls dins del pollastre i una mica de farigola en pols.<\/li>\n\n\n\n<li>Amb un cordill de cuina lliguem les potes del pollastre perqu\u00e8 no s&#039;obrin en coure-les. Reservem.<\/li>\n\n\n\n<li>Poseu la cocotte al foc amb oli d&#039;oliva. Quan estigui calent afegirem totes les verdures tallades a trossos menys les patates. Salarem una mica. Remenarem i deixarem escalfar.<\/li>\n\n\n\n<li>Afegirem el brandi i el vi blanc. Courem fins que evapori l&#039;alcohol. Posarem el pollastre dins de la cassola i la taparem.<\/li>\n\n\n\n<li>Hem preescalfat el forn a 200 \u00ba cent\u00edgrads per dalt i baix i posem la cassola dins del forn. Coeu el pollastre durant uns 75\/90 minuts fins que vegeu que est\u00e0 tendre.<\/li>\n\n\n\n<li>Tallem les patates a quadradets i les fregim amb oli d&#039;oliva. Salem les patates i les afegim a la cassola uns 10 minuts abans d&#039;acabar la cocci\u00f3. De tant en tant hem destapat la cocotte i hem ruixat el pollastre per sobre amb el suc de la cocci\u00f3. Si el pollastre queda una mica blanc per la part de dalt, destapem la cocotte i acabem de coure sense la tapa.<\/li>\n<\/ul>\n\n\n\n<h3 class=\"wp-block-heading\">Us aconsello que veieu el v\u00eddeo d&#039;aquest ric <strong>Pollastre rostit a Cocotte<\/strong> per a una millor comprensi\u00f3 de tot all\u00f2 explicat.<\/b><\/p>\n\n\n\n<figure class=\"wp-block-gallery has-nested-images columns-3 is-cropped wp-block-gallery-1 is-layout-flex wp-block-gallery-is-layout-flex\">\n<figure class=\"wp-block-image size-large\"><img fetchpriority=\"high\" decoding=\"async\" width=\"305\" height=\"244\" data-id=\"2141\" src=\"https:\/\/elfornerdealella.com\/wp-content\/uploads\/2021\/03\/Pollo-asado-en-cocotte121.jpg\" alt=\"Recepta de\" class=\"wp-image-2141\" title=\"Recepta de\"><\/figure>\n\n\n\n<figure class=\"wp-block-image size-large\"><img decoding=\"async\" width=\"479\" height=\"311\" data-id=\"2142\" src=\"https:\/\/elfornerdealella.com\/wp-content\/uploads\/2021\/03\/Pollo-asado-en-cocotte141.jpg\" alt=\"Recepta de\" class=\"wp-image-2142\" title=\"Recepta de\" srcset=\"https:\/\/elfornerdealella.com\/wp-content\/uploads\/2021\/03\/Pollo-asado-en-cocotte141.jpg 479w, https:\/\/elfornerdealella.com\/wp-content\/uploads\/2021\/03\/Pollo-asado-en-cocotte141-300x195.jpg 300w\" sizes=\"(max-width: 479px) 100vw, 479px\" \/><\/figure>\n\n\n\n<figure class=\"wp-block-image size-large\"><img decoding=\"async\" width=\"371\" height=\"268\" data-id=\"2143\" src=\"https:\/\/elfornerdealella.com\/wp-content\/uploads\/2021\/03\/Pollo-asado-en-cocotte231.jpg\" alt=\"Recepta de\" class=\"wp-image-2143\" title=\"Recepta de\" srcset=\"https:\/\/elfornerdealella.com\/wp-content\/uploads\/2021\/03\/Pollo-asado-en-cocotte231.jpg 371w, https:\/\/elfornerdealella.com\/wp-content\/uploads\/2021\/03\/Pollo-asado-en-cocotte231-300x217.jpg 300w\" sizes=\"(max-width: 371px) 100vw, 371px\" \/><\/figure>\n\n\n\n<figure class=\"wp-block-image size-large\"><img loading=\"lazy\" decoding=\"async\" width=\"448\" height=\"313\" data-id=\"2144\" src=\"https:\/\/elfornerdealella.com\/wp-content\/uploads\/2021\/03\/Pollo-asado-en-cocotte401.jpg\" alt=\"Recepta de\" class=\"wp-image-2144\" title=\"Recepta de\"><\/figure>\n\n\n\n<figure class=\"wp-block-image size-large\"><img loading=\"lazy\" decoding=\"async\" width=\"405\" height=\"299\" data-id=\"2145\" src=\"https:\/\/elfornerdealella.com\/wp-content\/uploads\/2021\/03\/Pollo-asado-en-cocotte281.jpg\" alt=\"Recepta de\" class=\"wp-image-2145\" title=\"Recepta de\"><\/figure>\n\n\n\n<figure class=\"wp-block-image size-large\"><img loading=\"lazy\" decoding=\"async\" width=\"329\" height=\"235\" data-id=\"2146\" src=\"https:\/\/elfornerdealella.com\/wp-content\/uploads\/2021\/03\/Pollo-asado-en-cocotte431.jpg\" alt=\"Recepta de\" class=\"wp-image-2146\" title=\"Recepta de\" srcset=\"https:\/\/elfornerdealella.com\/wp-content\/uploads\/2021\/03\/Pollo-asado-en-cocotte431.jpg 329w, https:\/\/elfornerdealella.com\/wp-content\/uploads\/2021\/03\/Pollo-asado-en-cocotte431-300x214.jpg 300w\" sizes=\"(max-width: 329px) 100vw, 329px\" \/><\/figure>\n\n\n\n<figure class=\"wp-block-image size-large\"><img loading=\"lazy\" decoding=\"async\" width=\"596\" height=\"323\" data-id=\"2147\" src=\"https:\/\/elfornerdealella.com\/wp-content\/uploads\/2021\/03\/Pollo-asado-en-cocotte541.jpg\" alt=\"Recepta de\" class=\"wp-image-2147\" title=\"Recepta de\" srcset=\"https:\/\/elfornerdealella.com\/wp-content\/uploads\/2021\/03\/Pollo-asado-en-cocotte541.jpg 596w, https:\/\/elfornerdealella.com\/wp-content\/uploads\/2021\/03\/Pollo-asado-en-cocotte541-300x163.jpg 300w\" sizes=\"(max-width: 596px) 100vw, 596px\" \/><\/figure>\n\n\n\n<figure class=\"wp-block-image size-large\"><img loading=\"lazy\" decoding=\"async\" width=\"640\" height=\"478\" data-id=\"2148\" src=\"https:\/\/elfornerdealella.com\/wp-content\/uploads\/2021\/03\/Pollo-asado-en-cocotte011.jpg\" alt=\"Recepta de\" class=\"wp-image-2148\" title=\"Recepta de\" srcset=\"https:\/\/elfornerdealella.com\/wp-content\/uploads\/2021\/03\/Pollo-asado-en-cocotte011.jpg 640w, https:\/\/elfornerdealella.com\/wp-content\/uploads\/2021\/03\/Pollo-asado-en-cocotte011-600x448.jpg 600w\" sizes=\"(max-width: 640px) 100vw, 640px\" \/><\/figure>\n<\/figure>","protected":false},"excerpt":{"rendered":"<p>Disfruta de esta deliciosa receta de Pollo Asado en Cocotte. Cocinar el pollo entero en una cazuela bien tapada es clave para que quede jugoso y lleno de sabor. Si te ha encantado nuestra video receta, te animamos a compartirlo para que m\u00e1s personas puedan disfrutar de esta delicia culinaria. \u00a1Dale al play y sigue [&hellip;]<\/p>\n","protected":false},"author":1,"featured_media":11407,"comment_status":"open","ping_status":"open","sticky":false,"template":"","format":"standard","meta":{"site-sidebar-layout":"default","site-content-layout":"","ast-site-content-layout":"default","site-content-style":"default","site-sidebar-style":"default","ast-global-header-display":"","ast-banner-title-visibility":"","ast-main-header-display":"","ast-hfb-above-header-display":"","ast-hfb-below-header-display":"","ast-hfb-mobile-header-display":"","site-post-title":"","ast-breadcrumbs-content":"","ast-featured-img":"","footer-sml-layout":"","ast-disable-related-posts":"","theme-transparent-header-meta":"","adv-header-id-meta":"","stick-header-meta":"","header-above-stick-meta":"","header-main-stick-meta":"","header-below-stick-meta":"","astra-migrate-meta-layouts":"default","ast-page-background-enabled":"default","ast-page-background-meta":{"desktop":{"background-color":"","background-image":"","background-repeat":"repeat","background-position":"center center","background-size":"auto","background-attachment":"scroll","background-type":"","background-media":"","overlay-type":"","overlay-color":"","overlay-opacity":"","overlay-gradient":""},"tablet":{"background-color":"","background-image":"","background-repeat":"repeat","background-position":"center center","background-size":"auto","background-attachment":"scroll","background-type":"","background-media":"","overlay-type":"","overlay-color":"","overlay-opacity":"","overlay-gradient":""},"mobile":{"background-color":"","background-image":"","background-repeat":"repeat","background-position":"center center","background-size":"auto","background-attachment":"scroll","background-type":"","background-media":"","overlay-type":"","overlay-color":"","overlay-opacity":"","overlay-gradient":""}},"ast-content-background-meta":{"desktop":{"background-color":"var(--ast-global-color-5)","background-image":"","background-repeat":"repeat","background-position":"center center","background-size":"auto","background-attachment":"scroll","background-type":"","background-media":"","overlay-type":"","overlay-color":"","overlay-opacity":"","overlay-gradient":""},"tablet":{"background-color":"var(--ast-global-color-5)","background-image":"","background-repeat":"repeat","background-position":"center center","background-size":"auto","background-attachment":"scroll","background-type":"","background-media":"","overlay-type":"","overlay-color":"","overlay-opacity":"","overlay-gradient":""},"mobile":{"background-color":"var(--ast-global-color-5)","background-image":"","background-repeat":"repeat","background-position":"center center","background-size":"auto","background-attachment":"scroll","background-type":"","background-media":"","overlay-type":"","overlay-color":"","overlay-opacity":"","overlay-gradient":""}},"footnotes":""},"categories":[92],"tags":[2202,2203,2204,2205,2206,1865,103,2207,34],"class_list":["post-2140","post","type-post","status-publish","format-standard","has-post-thumbnail","hentry","category-segundos-platos-caseros","tag-como-preparar-pollo-asado-en-cocotte","tag-pollo-a-la-cazuela","tag-pollo-asado-en-cocotte","tag-pollo-con-verduras","tag-preparar-pollo-asado-en-cocotte","tag-receta-de-pollo","tag-video-receta-de-pollo","tag-video-receta-pollo-asado-en-cocotte","tag-video-recetas"],"_links":{"self":[{"href":"https:\/\/elfornerdealella.com\/ca\/wp-json\/wp\/v2\/posts\/2140","targetHints":{"allow":["GET"]}}],"collection":[{"href":"https:\/\/elfornerdealella.com\/ca\/wp-json\/wp\/v2\/posts"}],"about":[{"href":"https:\/\/elfornerdealella.com\/ca\/wp-json\/wp\/v2\/types\/post"}],"author":[{"embeddable":true,"href":"https:\/\/elfornerdealella.com\/ca\/wp-json\/wp\/v2\/users\/1"}],"replies":[{"embeddable":true,"href":"https:\/\/elfornerdealella.com\/ca\/wp-json\/wp\/v2\/comments?post=2140"}],"version-history":[{"count":3,"href":"https:\/\/elfornerdealella.com\/ca\/wp-json\/wp\/v2\/posts\/2140\/revisions"}],"predecessor-version":[{"id":11411,"href":"https:\/\/elfornerdealella.com\/ca\/wp-json\/wp\/v2\/posts\/2140\/revisions\/11411"}],"wp:featuredmedia":[{"embeddable":true,"href":"https:\/\/elfornerdealella.com\/ca\/wp-json\/wp\/v2\/media\/11407"}],"wp:attachment":[{"href":"https:\/\/elfornerdealella.com\/ca\/wp-json\/wp\/v2\/media?parent=2140"}],"wp:term":[{"taxonomy":"category","embeddable":true,"href":"https:\/\/elfornerdealella.com\/ca\/wp-json\/wp\/v2\/categories?post=2140"},{"taxonomy":"post_tag","embeddable":true,"href":"https:\/\/elfornerdealella.com\/ca\/wp-json\/wp\/v2\/tags?post=2140"}],"curies":[{"name":"wp","href":"https:\/\/api.w.org\/{rel}","templated":true}]}}