{"id":1835,"date":"2015-08-27T11:35:14","date_gmt":"2015-08-27T11:35:14","guid":{"rendered":"https:\/\/nova.elfornerdealella.com\/?p=1835"},"modified":"2024-04-23T15:33:01","modified_gmt":"2024-04-23T13:33:01","slug":"pastissets-de-pasta-de-full-nous-i-coco","status":"publish","type":"post","link":"https:\/\/elfornerdealella.com\/ca\/pastelitos-de-hojaldre-nueces-y-coco\/","title":{"rendered":"Pastissets de pasta de full Nous i Coco"},"content":{"rendered":"<p>El Forner d&#039;Alella prepara uns pastissets de pasta de full Nous i Coco, els preparem de forma individual ja veureu que s\u00f3n bon\u00edssims i que podeu obsequiar als vostres amics i familiars. S\u00f3n f\u00e0cils de fer i queden deliciosos. Si us agrada aquest v\u00eddeo no oblideu clicar \u201cm&#039;agrada\u201d i compartir-lo, ens ajudareu<\/p>\n\n\n\n<p>Veure la recepta clicant al v\u00eddeo<\/p>\n\n\n\n<figure class=\"wp-block-embed is-type-video is-provider-youtube wp-block-embed-youtube wp-embed-aspect-16-9 wp-has-aspect-ratio\"><div class=\"wp-block-embed__wrapper\">\n<iframe title=\"Pastissets de pasta de full amb Nous i Coco\" width=\"500\" height=\"281\" src=\"https:\/\/www.youtube.com\/embed\/ITrs-YJxRsg?feature=oembed\" frameborder=\"0\" allow=\"accelerometer; autoplay; clipboard-write; encrypted-media; gyroscope; picture-in-picture; web-share\" referrerpolicy=\"strict-origin-when-cross-origin\" allowfullscreen><\/iframe>\n<\/div><\/figure>\n\n\n\n<h2 class=\"wp-block-heading\">INGREDIENTS:<\/h2>\n\n\n\n<ul class=\"wp-block-list\">\n<li>1 Placa de pasta de full rectangular, si vols pots preparar tu <a href=\"https:\/\/elfornerdealella.com\/ca\/massa-de-pasta-de-full\/\">pasta de full casol\u00e0<\/a><\/li>\n<\/ul>\n\n\n\n<p>Com fer el farciment:<\/p>\n\n\n\n<ul class=\"wp-block-list\">\n<li>2 Ous<\/li>\n\n\n\n<li>250 ml. Llet<\/li>\n\n\n\n<li>50 grs. Coco ratllat<\/li>\n\n\n\n<li>150 grs. Nous picades<\/li>\n\n\n\n<li>100 grs. Sucre<\/li>\n\n\n\n<li>40 grs. Maicena<\/li>\n\n\n\n<li>60 ml. Ron Negre<\/li>\n<\/ul>\n\n\n\n<p>Fer l&#039;adorn:<\/p>\n\n\n\n<ul class=\"wp-block-list\">\n<li>160 ml. Caf\u00e8 calent<\/li>\n\n\n\n<li>3 culleradetes de Sucre<\/li>\n\n\n\n<li>2 Sobres Gelatina Neutra en pols<\/li>\n\n\n\n<li>Nous caramel\u00b7litzades<\/li>\n<\/ul>\n\n\n\n<p>Per caramel\u00b7litzar les Nous:<\/p>\n\n\n\n<ul class=\"wp-block-list\">\n<li>100 grs. Sucre<\/li>\n\n\n\n<li>50 ml. Aigua<\/li>\n<\/ul>\n\n\n\n<h2 class=\"wp-block-heading\">ELABORACI\u00d3:<\/h2>\n\n\n\n<ul class=\"wp-block-list\">\n<li><strong>\u00a0<\/strong>Untarem uns motlles amb mantega. Aplanarem la massa de pasta de full amb un corr\u00f3 i la tallarem a la mida d&#039;uns motlles rectangulars per anar al forn procurant que la massa arribi a tota la base i l&#039;estr\u00e8nyem perqu\u00e8 no quedi res d&#039;aire.<\/li>\n\n\n\n<li>Punxarem tota la base amb una forquilla i la cobrirem amb cigrons crus perqu\u00e8 no s&#039;aixequi la massa.<\/li>\n\n\n\n<li>Preescalfem el forn a 200 \u00ba cent\u00edgrads per dalt i baix i la fornegem durant uns 15 minuts. Deixarem refredar i traurem els cigrons.<\/li>\n\n\n\n<li>\u00a0Posem en una paella el sucre i l&#039;aigua per caramel\u00b7litzar les nous. Remenem i quan es dauri el caramel hi afegirem les nous. Donarem unes voltes i les reservarem en un plat untat amb oli perqu\u00e8 no s&#039;enganxin al plat. Despr\u00e9s les deixarem damunt de paper de coure.<\/li>\n\n\n\n<li>Triturarem les nous del farciment i batrem els ous afegirem el sucre, la llet, la maizena i el rom. Batrem una mica.<\/li>\n\n\n\n<li>Afegirem el coco, les nous. Seguirem batent fins que tots els ingredients quedin ben barrejats.<\/li>\n\n\n\n<li>Posem un cass\u00f3 al foc i hi afegim la barreja fins que s&#039;espesseixi. Cal fer-ho amb el foc baix i remoure sempre perqu\u00e8 no s&#039;enganxi la barreja al fons del cass\u00f3.<\/li>\n\n\n\n<li>Distribu\u00efm el farciment per tot el past\u00eds. Ha de cobrir tots els racons, i ho enfornem durant uns 10 minuts. Deixarem entebeir<\/li>\n\n\n\n<li>Dissolem la gelatina en pols amb el caf\u00e8 calent i dues culleradetes de sucre. Ho remenem b\u00e9 fins que s&#039;hagi dissolt tot.<\/li>\n\n\n\n<li>Posarem la gelatina per sobre del past\u00eds procurant que arribi a tota la superf\u00edcie i finalment l&#039;adornarem amb les nous caramel\u00b7litzades, repartint b\u00e9 perqu\u00e8 en tallar les porcions quedi una nou damunt de cada porci\u00f3.<\/li>\n\n\n\n<li>Posarem els motlles al frigor\u00edfic durant unes 4 hores fins que la gelatina hagi espessit.<\/li>\n\n\n\n<li>Desemmotllarem i tallarem en porcions al gust.<\/li>\n<\/ul>\n\n\n\n<h3 class=\"wp-block-heading\">Us aconsello que veieu el v\u00eddeo dels pastissets de pasta de full Nous i Coco per a una millor comprensi\u00f3 de tot el que he explicat.<\/b><\/p>\n\n\n\n<figure class=\"wp-block-gallery has-nested-images columns-3 is-cropped wp-block-gallery-1 is-layout-flex wp-block-gallery-is-layout-flex\">\n<figure class=\"wp-block-image size-large\"><img fetchpriority=\"high\" decoding=\"async\" width=\"640\" height=\"478\" data-id=\"1836\" src=\"https:\/\/elfornerdealella.com\/wp-content\/uploads\/2021\/03\/Pastelitos-de-Hojaldre-con-Nueces-y-Coco07-copia_mini1.jpg\" alt=\"Recepta de\" class=\"wp-image-1836\" title=\"Recepta de\" srcset=\"https:\/\/elfornerdealella.com\/wp-content\/uploads\/2021\/03\/Pastelitos-de-Hojaldre-con-Nueces-y-Coco07-copia_mini1.jpg 640w, https:\/\/elfornerdealella.com\/wp-content\/uploads\/2021\/03\/Pastelitos-de-Hojaldre-con-Nueces-y-Coco07-copia_mini1-600x448.jpg 600w\" sizes=\"(max-width: 640px) 100vw, 640px\" \/><\/figure>\n\n\n\n<figure class=\"wp-block-image size-large\"><img decoding=\"async\" width=\"640\" height=\"362\" data-id=\"1837\" src=\"https:\/\/elfornerdealella.com\/wp-content\/uploads\/2021\/03\/Pastelitos-de-Hojaldre-con-Nueces-y-Coco17_mini1.jpg\" alt=\"Recepta de\" class=\"wp-image-1837\" title=\"Recepta de\" srcset=\"https:\/\/elfornerdealella.com\/wp-content\/uploads\/2021\/03\/Pastelitos-de-Hojaldre-con-Nueces-y-Coco17_mini1.jpg 640w, https:\/\/elfornerdealella.com\/wp-content\/uploads\/2021\/03\/Pastelitos-de-Hojaldre-con-Nueces-y-Coco17_mini1-600x339.jpg 600w\" sizes=\"(max-width: 640px) 100vw, 640px\" \/><\/figure>\n\n\n\n<figure class=\"wp-block-image size-large\"><img decoding=\"async\" width=\"640\" height=\"484\" data-id=\"1838\" src=\"https:\/\/elfornerdealella.com\/wp-content\/uploads\/2021\/03\/Pastelitos-de-Hojaldre-con-Nueces-y-Coco22_mini1.jpg\" alt=\"Recepta de\" class=\"wp-image-1838\" title=\"Recepta de\" srcset=\"https:\/\/elfornerdealella.com\/wp-content\/uploads\/2021\/03\/Pastelitos-de-Hojaldre-con-Nueces-y-Coco22_mini1.jpg 640w, https:\/\/elfornerdealella.com\/wp-content\/uploads\/2021\/03\/Pastelitos-de-Hojaldre-con-Nueces-y-Coco22_mini1-600x454.jpg 600w, https:\/\/elfornerdealella.com\/wp-content\/uploads\/2021\/03\/Pastelitos-de-Hojaldre-con-Nueces-y-Coco22_mini1-300x227.jpg 300w\" sizes=\"(max-width: 640px) 100vw, 640px\" \/><\/figure>\n\n\n\n<figure class=\"wp-block-image size-large\"><img loading=\"lazy\" decoding=\"async\" width=\"640\" height=\"370\" data-id=\"1839\" src=\"https:\/\/elfornerdealella.com\/wp-content\/uploads\/2021\/03\/Pastelitos-de-Hojaldre-con-Nueces-y-Coco28_mini1.jpg\" alt=\"Recepta de\" class=\"wp-image-1839\" title=\"Recepta de\" srcset=\"https:\/\/elfornerdealella.com\/wp-content\/uploads\/2021\/03\/Pastelitos-de-Hojaldre-con-Nueces-y-Coco28_mini1.jpg 640w, https:\/\/elfornerdealella.com\/wp-content\/uploads\/2021\/03\/Pastelitos-de-Hojaldre-con-Nueces-y-Coco28_mini1-600x347.jpg 600w, https:\/\/elfornerdealella.com\/wp-content\/uploads\/2021\/03\/Pastelitos-de-Hojaldre-con-Nueces-y-Coco28_mini1-300x173.jpg 300w\" sizes=\"(max-width: 640px) 100vw, 640px\" \/><\/figure>\n\n\n\n<figure class=\"wp-block-image size-large\"><img loading=\"lazy\" decoding=\"async\" width=\"640\" height=\"362\" data-id=\"1840\" src=\"https:\/\/elfornerdealella.com\/wp-content\/uploads\/2021\/03\/Pastelitos-de-Hojaldre-con-Nueces-y-Coco50_mini1.jpg\" alt=\"Recepta de\" class=\"wp-image-1840\" title=\"Recepta de\" srcset=\"https:\/\/elfornerdealella.com\/wp-content\/uploads\/2021\/03\/Pastelitos-de-Hojaldre-con-Nueces-y-Coco50_mini1.jpg 640w, https:\/\/elfornerdealella.com\/wp-content\/uploads\/2021\/03\/Pastelitos-de-Hojaldre-con-Nueces-y-Coco50_mini1-600x339.jpg 600w, https:\/\/elfornerdealella.com\/wp-content\/uploads\/2021\/03\/Pastelitos-de-Hojaldre-con-Nueces-y-Coco50_mini1-300x170.jpg 300w\" sizes=\"(max-width: 640px) 100vw, 640px\" \/><\/figure>\n\n\n\n<figure class=\"wp-block-image size-large\"><img loading=\"lazy\" decoding=\"async\" width=\"640\" height=\"370\" data-id=\"1841\" src=\"https:\/\/elfornerdealella.com\/wp-content\/uploads\/2021\/03\/Pastelitos-de-Hojaldre-con-Nueces-y-Coco61_mini1.jpg\" alt=\"Recepta de\" class=\"wp-image-1841\" title=\"Recepta de\" srcset=\"https:\/\/elfornerdealella.com\/wp-content\/uploads\/2021\/03\/Pastelitos-de-Hojaldre-con-Nueces-y-Coco61_mini1.jpg 640w, https:\/\/elfornerdealella.com\/wp-content\/uploads\/2021\/03\/Pastelitos-de-Hojaldre-con-Nueces-y-Coco61_mini1-600x347.jpg 600w\" sizes=\"(max-width: 640px) 100vw, 640px\" \/><\/figure>\n\n\n\n<figure class=\"wp-block-image size-large\"><img loading=\"lazy\" decoding=\"async\" width=\"640\" height=\"370\" data-id=\"1842\" src=\"https:\/\/elfornerdealella.com\/wp-content\/uploads\/2021\/03\/Pastelitos-de-Hojaldre-con-Nueces-y-Coco63_mini1.jpg\" alt=\"Recepta de\" class=\"wp-image-1842\" title=\"Recepta de\" srcset=\"https:\/\/elfornerdealella.com\/wp-content\/uploads\/2021\/03\/Pastelitos-de-Hojaldre-con-Nueces-y-Coco63_mini1.jpg 640w, https:\/\/elfornerdealella.com\/wp-content\/uploads\/2021\/03\/Pastelitos-de-Hojaldre-con-Nueces-y-Coco63_mini1-600x347.jpg 600w\" sizes=\"(max-width: 640px) 100vw, 640px\" \/><\/figure>\n<\/figure>","protected":false},"excerpt":{"rendered":"<p>El Forner de Alella prepara unos Pastelitos de Hojaldre Nueces y Coco, los preparamos de forma individual ya ver\u00e9is que son buen\u00edsimos y que pod\u00e9is obsequiar a vuestros amigos y&nbsp; familiares. Son f\u00e1ciles de hacer y quedan deliciosos. Si os gusta este v\u00eddeo no olvid\u00e9is clicar \u201cme gusta\u201d y compartirlo, nos ayudar\u00e9is Ver la receta [&hellip;]<\/p>\n","protected":false},"author":1,"featured_media":10169,"comment_status":"open","ping_status":"open","sticky":false,"template":"","format":"standard","meta":{"site-sidebar-layout":"default","site-content-layout":"","ast-site-content-layout":"default","site-content-style":"default","site-sidebar-style":"default","ast-global-header-display":"","ast-banner-title-visibility":"","ast-main-header-display":"","ast-hfb-above-header-display":"","ast-hfb-below-header-display":"","ast-hfb-mobile-header-display":"","site-post-title":"","ast-breadcrumbs-content":"","ast-featured-img":"","footer-sml-layout":"","ast-disable-related-posts":"","theme-transparent-header-meta":"","adv-header-id-meta":"","stick-header-meta":"","header-above-stick-meta":"","header-main-stick-meta":"","header-below-stick-meta":"","astra-migrate-meta-layouts":"default","ast-page-background-enabled":"default","ast-page-background-meta":{"desktop":{"background-color":"","background-image":"","background-repeat":"repeat","background-position":"center center","background-size":"auto","background-attachment":"scroll","background-type":"","background-media":"","overlay-type":"","overlay-color":"","overlay-opacity":"","overlay-gradient":""},"tablet":{"background-color":"","background-image":"","background-repeat":"repeat","background-position":"center center","background-size":"auto","background-attachment":"scroll","background-type":"","background-media":"","overlay-type":"","overlay-color":"","overlay-opacity":"","overlay-gradient":""},"mobile":{"background-color":"","background-image":"","background-repeat":"repeat","background-position":"center center","background-size":"auto","background-attachment":"scroll","background-type":"","background-media":"","overlay-type":"","overlay-color":"","overlay-opacity":"","overlay-gradient":""}},"ast-content-background-meta":{"desktop":{"background-color":"var(--ast-global-color-5)","background-image":"","background-repeat":"repeat","background-position":"center center","background-size":"auto","background-attachment":"scroll","background-type":"","background-media":"","overlay-type":"","overlay-color":"","overlay-opacity":"","overlay-gradient":""},"tablet":{"background-color":"var(--ast-global-color-5)","background-image":"","background-repeat":"repeat","background-position":"center center","background-size":"auto","background-attachment":"scroll","background-type":"","background-media":"","overlay-type":"","overlay-color":"","overlay-opacity":"","overlay-gradient":""},"mobile":{"background-color":"var(--ast-global-color-5)","background-image":"","background-repeat":"repeat","background-position":"center center","background-size":"auto","background-attachment":"scroll","background-type":"","background-media":"","overlay-type":"","overlay-color":"","overlay-opacity":"","overlay-gradient":""}},"footnotes":""},"categories":[2,49],"tags":[1839,1840,1841,1842,1843,1844,1845],"class_list":["post-1835","post","type-post","status-publish","format-standard","has-post-thumbnail","hentry","category-pasteleria-casera","category-postres-caseros","tag-hojaldre-con-nueces-y-coco","tag-nueces-y-coco","tag-pastelitos-de-hojaldre","tag-pastelitos-de-hojaldre-nueces-y-coco","tag-receta-casera-pastelitos-de-hojaldre","tag-receta-pastel-hojaldre","tag-receta-pastelitos-de-hojaldre"],"_links":{"self":[{"href":"https:\/\/elfornerdealella.com\/ca\/wp-json\/wp\/v2\/posts\/1835","targetHints":{"allow":["GET"]}}],"collection":[{"href":"https:\/\/elfornerdealella.com\/ca\/wp-json\/wp\/v2\/posts"}],"about":[{"href":"https:\/\/elfornerdealella.com\/ca\/wp-json\/wp\/v2\/types\/post"}],"author":[{"embeddable":true,"href":"https:\/\/elfornerdealella.com\/ca\/wp-json\/wp\/v2\/users\/1"}],"replies":[{"embeddable":true,"href":"https:\/\/elfornerdealella.com\/ca\/wp-json\/wp\/v2\/comments?post=1835"}],"version-history":[{"count":3,"href":"https:\/\/elfornerdealella.com\/ca\/wp-json\/wp\/v2\/posts\/1835\/revisions"}],"predecessor-version":[{"id":10176,"href":"https:\/\/elfornerdealella.com\/ca\/wp-json\/wp\/v2\/posts\/1835\/revisions\/10176"}],"wp:featuredmedia":[{"embeddable":true,"href":"https:\/\/elfornerdealella.com\/ca\/wp-json\/wp\/v2\/media\/10169"}],"wp:attachment":[{"href":"https:\/\/elfornerdealella.com\/ca\/wp-json\/wp\/v2\/media?parent=1835"}],"wp:term":[{"taxonomy":"category","embeddable":true,"href":"https:\/\/elfornerdealella.com\/ca\/wp-json\/wp\/v2\/categories?post=1835"},{"taxonomy":"post_tag","embeddable":true,"href":"https:\/\/elfornerdealella.com\/ca\/wp-json\/wp\/v2\/tags?post=1835"}],"curies":[{"name":"wp","href":"https:\/\/api.w.org\/{rel}","templated":true}]}}