{"id":1752,"date":"2013-05-10T18:17:28","date_gmt":"2013-05-10T18:17:28","guid":{"rendered":"https:\/\/nova.elfornerdealella.com\/?p=1752"},"modified":"2024-04-25T16:11:37","modified_gmt":"2024-04-25T14:11:37","slug":"calamars-a-la-romana","status":"publish","type":"post","link":"https:\/\/elfornerdealella.com\/ca\/calamares-a-la-romana\/","title":{"rendered":"Calamars a la Romana"},"content":{"rendered":"<p>Descobreix com preparem aquests Calamars a la Romana deliciosos, amb un exterior cruixent i un interior tendre i sabor\u00f3s. Segueix els nostres passos per aconseguir el mateix resultat i gaudeix d\u00b4aquest plat cl\u00e0ssic mediterrani.<\/p>\n\n\n\n<figure class=\"wp-block-embed is-type-video is-provider-youtube wp-block-embed-youtube wp-embed-aspect-16-9 wp-has-aspect-ratio\"><div class=\"wp-block-embed__wrapper\">\n<iframe title=\"Calamars a la Romana\" width=\"500\" height=\"281\" src=\"https:\/\/www.youtube.com\/embed\/2GlewNzbGzo?feature=oembed\" frameborder=\"0\" allow=\"accelerometer; autoplay; clipboard-write; encrypted-media; gyroscope; picture-in-picture; web-share\" referrerpolicy=\"strict-origin-when-cross-origin\" allowfullscreen><\/iframe>\n<\/div><\/figure>\n\n\n\n<h2 class=\"wp-block-heading\">INGREDIENTS:<\/h2>\n\n\n\n<ul class=\"wp-block-list\">\n<li>300 grs. Calamars<\/li>\n\n\n\n<li>100 grs. Farina<\/li>\n\n\n\n<li>140 ml. Aigua<\/li>\n\n\n\n<li>Ratlladura de mitja llimona (nom\u00e9s la pell)<\/li>\n\n\n\n<li>8 grs. Llevat Qu\u00edmic (Royal)<\/li>\n\n\n\n<li>Sal<\/li>\n\n\n\n<li>Oli de Gira-sol per fregir<\/li>\n<\/ul>\n\n\n\n<h2 class=\"wp-block-heading\">ELABORACI\u00d3:<\/h2>\n\n\n\n<ul class=\"wp-block-list\">\n<li>En primer lloc, rentarem el calamar, procurant que quedi ben net de totes les adher\u00e8ncies.<\/li>\n\n\n\n<li>El tallarem en c\u00e8rcols m\u00e9s aviat prims i els deixarem esc\u00f3rrer. Els emboliquem en un drap de cuina i premem perqu\u00e8 no quedi res d&#039;aigua i aix\u00ed no esquitxin en fregir-los. \u00c9s important fer-ho per evitar possibles cremades amb l&#039;oli.<\/li>\n\n\n\n<li>Per preparar l&#039;arrebossat posarem en un bol la farina i a poc a poc hi anirem afegint l&#039;aigua i aix\u00ed evitarem que ens quedin grumolls.<\/li>\n\n\n\n<li>Un cop lligada la farina amb l&#039;aigua, hi afegirem la ratlladura de la pell de la llimona, la sal i el llevat qu\u00edmic i ho remourem perqu\u00e8 s&#039;hi integrin b\u00e9 tots els ingredients.<\/li>\n\n\n\n<li>La quantitat daigua \u00e9s aproximada, ja que dep\u00e8n de la farina, que de vegades absorbeix m\u00e9s o menys quantitat daigua. Cal aconseguir una textura que no sigui massa espessa (vegeu el v\u00eddeo i observareu com ha de quedar).<\/li>\n\n\n\n<li>A continuaci\u00f3 afegirem els calamars a la massa de l&#039;arrebossat, remenant perqu\u00e8 els calamars absorbeixin b\u00e9 la maceraci\u00f3.<\/li>\n\n\n\n<li>En una paella petita hi posarem abundant oli de gira-sol. \u00c9s important posar molt oli perqu\u00e8 no es cremin els calamars en fregir-los.<\/li>\n\n\n\n<li>Quan l&#039;oli estigui ben calent hi tirem els calamars d&#039;un en un i els fregirem amb molt de compte de no cremar-nos.<\/li>\n\n\n\n<li>Un cop fregits els deixarem amb paper absorbent de cuina perqu\u00e8 deixin anar l&#039;exc\u00e9s d&#039;oli.<\/li>\n\n\n\n<li>Els podem acompanyar amb rodanxes de llimona i una mica d&#039;amanida.<\/li>\n<\/ul>\n\n\n\n<h3 class=\"wp-block-heading\">Us aconsello que veieu el v\u00eddeo d&#039;aquests cruixents i saborosos Calamars a la Romana amb atenci\u00f3 i aix\u00ed podreu seguir tots els passos.<\/h3>\n\n\n\n<figure class=\"wp-block-gallery has-nested-images columns-3 is-cropped wp-block-gallery-1 is-layout-flex wp-block-gallery-is-layout-flex\">\n<figure class=\"wp-block-image size-large\"><img decoding=\"async\" data-id=\"1753\" src=\"https:\/\/elfornerdealella.com\/wp-content\/uploads\/2021\/03\/calamares-a-la-romana3-1024x709.jpg\" alt=\"Recepta de\" class=\"wp-image-1753\" title=\"Recepta de\"><\/figure>\n\n\n\n<figure class=\"wp-block-image size-large\"><img fetchpriority=\"high\" decoding=\"async\" width=\"640\" height=\"360\" data-id=\"1754\" src=\"https:\/\/elfornerdealella.com\/wp-content\/uploads\/2021\/03\/FOTOS-CALAMARES-A-LA-ROMANA-B.R.01.jpg\" alt=\"Recepta de\" class=\"wp-image-1754\" title=\"Recepta de\" srcset=\"https:\/\/elfornerdealella.com\/wp-content\/uploads\/2021\/03\/FOTOS-CALAMARES-A-LA-ROMANA-B.R.01.jpg 640w, https:\/\/elfornerdealella.com\/wp-content\/uploads\/2021\/03\/FOTOS-CALAMARES-A-LA-ROMANA-B.R.01-600x338.jpg 600w\" sizes=\"(max-width: 640px) 100vw, 640px\" \/><\/figure>\n\n\n\n<figure class=\"wp-block-image size-large\"><img decoding=\"async\" width=\"640\" height=\"360\" data-id=\"1755\" src=\"https:\/\/elfornerdealella.com\/wp-content\/uploads\/2021\/03\/FOTOS-CALAMARES-A-LA-ROMANA-B.R.02.jpg\" alt=\"Recepta de\" class=\"wp-image-1755\" title=\"Recepta de\" srcset=\"https:\/\/elfornerdealella.com\/wp-content\/uploads\/2021\/03\/FOTOS-CALAMARES-A-LA-ROMANA-B.R.02.jpg 640w, https:\/\/elfornerdealella.com\/wp-content\/uploads\/2021\/03\/FOTOS-CALAMARES-A-LA-ROMANA-B.R.02-600x338.jpg 600w\" sizes=\"(max-width: 640px) 100vw, 640px\" \/><\/figure>\n\n\n\n<figure class=\"wp-block-image size-large\"><img decoding=\"async\" width=\"640\" height=\"370\" data-id=\"1756\" src=\"https:\/\/elfornerdealella.com\/wp-content\/uploads\/2021\/03\/FOTOS-CALAMARES-A-LA-ROMANA-B.R.04.jpg\" alt=\"Recepta de\" class=\"wp-image-1756\" title=\"Recepta de\" srcset=\"https:\/\/elfornerdealella.com\/wp-content\/uploads\/2021\/03\/FOTOS-CALAMARES-A-LA-ROMANA-B.R.04.jpg 640w, https:\/\/elfornerdealella.com\/wp-content\/uploads\/2021\/03\/FOTOS-CALAMARES-A-LA-ROMANA-B.R.04-600x347.jpg 600w\" sizes=\"(max-width: 640px) 100vw, 640px\" \/><\/figure>\n\n\n\n<figure class=\"wp-block-image size-large\"><img loading=\"lazy\" decoding=\"async\" width=\"640\" height=\"380\" data-id=\"1757\" src=\"https:\/\/elfornerdealella.com\/wp-content\/uploads\/2021\/03\/FOTOS-CALAMARES-A-LA-ROMANA-B.R.05.jpg\" alt=\"Recepta de\" class=\"wp-image-1757\" title=\"Recepta de\" srcset=\"https:\/\/elfornerdealella.com\/wp-content\/uploads\/2021\/03\/FOTOS-CALAMARES-A-LA-ROMANA-B.R.05.jpg 640w, https:\/\/elfornerdealella.com\/wp-content\/uploads\/2021\/03\/FOTOS-CALAMARES-A-LA-ROMANA-B.R.05-600x356.jpg 600w\" sizes=\"(max-width: 640px) 100vw, 640px\" \/><\/figure>\n\n\n\n<figure class=\"wp-block-image size-large\"><img loading=\"lazy\" decoding=\"async\" width=\"640\" height=\"394\" data-id=\"1758\" src=\"https:\/\/elfornerdealella.com\/wp-content\/uploads\/2021\/03\/FOTOS-CALAMARES-A-LA-ROMANA-B.R.09.jpg\" alt=\"Recepta de\" class=\"wp-image-1758\" title=\"Recepta de\" srcset=\"https:\/\/elfornerdealella.com\/wp-content\/uploads\/2021\/03\/FOTOS-CALAMARES-A-LA-ROMANA-B.R.09.jpg 640w, https:\/\/elfornerdealella.com\/wp-content\/uploads\/2021\/03\/FOTOS-CALAMARES-A-LA-ROMANA-B.R.09-600x369.jpg 600w, https:\/\/elfornerdealella.com\/wp-content\/uploads\/2021\/03\/FOTOS-CALAMARES-A-LA-ROMANA-B.R.09-300x185.jpg 300w\" sizes=\"(max-width: 640px) 100vw, 640px\" \/><\/figure>\n\n\n\n<figure class=\"wp-block-image size-large\"><img loading=\"lazy\" decoding=\"async\" width=\"640\" height=\"373\" data-id=\"1759\" src=\"https:\/\/elfornerdealella.com\/wp-content\/uploads\/2021\/03\/FOTOS-CALAMARES-A-LA-ROMANA-B.R.10.jpg\" alt=\"Recepta de\" class=\"wp-image-1759\" title=\"Recepta de\" srcset=\"https:\/\/elfornerdealella.com\/wp-content\/uploads\/2021\/03\/FOTOS-CALAMARES-A-LA-ROMANA-B.R.10.jpg 640w, https:\/\/elfornerdealella.com\/wp-content\/uploads\/2021\/03\/FOTOS-CALAMARES-A-LA-ROMANA-B.R.10-600x350.jpg 600w\" sizes=\"(max-width: 640px) 100vw, 640px\" \/><\/figure>\n\n\n\n<figure class=\"wp-block-image size-large\"><img loading=\"lazy\" decoding=\"async\" width=\"640\" height=\"370\" data-id=\"1760\" src=\"https:\/\/elfornerdealella.com\/wp-content\/uploads\/2021\/03\/FOTOS-CALAMARES-A-LA-ROMANA-B.R.12.jpg\" alt=\"Recepta de\" class=\"wp-image-1760\" title=\"Recepta de\" srcset=\"https:\/\/elfornerdealella.com\/wp-content\/uploads\/2021\/03\/FOTOS-CALAMARES-A-LA-ROMANA-B.R.12.jpg 640w, https:\/\/elfornerdealella.com\/wp-content\/uploads\/2021\/03\/FOTOS-CALAMARES-A-LA-ROMANA-B.R.12-600x347.jpg 600w\" sizes=\"(max-width: 640px) 100vw, 640px\" \/><\/figure>\n<\/figure>\n\n\n\n<p>&nbsp;<\/p>","protected":false},"excerpt":{"rendered":"<p>Descubre c\u00f3mo preparamos estos Calamares a la Romana deliciosos, con un exterior crujiente y un interior tierno y sabroso. Sigue nuestros pasos para lograr el mismo resultado y disfruta de este plato cl\u00e1sico mediterr\u00e1neo. INGREDIENTES: ELABORACI\u00d3N: Os aconsejo que ve\u00e1is el video de estos crujientes y sabrosos Calamares a la Romana con atenci\u00f3n y as\u00ed [&hellip;]<\/p>\n","protected":false},"author":1,"featured_media":10620,"comment_status":"open","ping_status":"open","sticky":false,"template":"","format":"standard","meta":{"site-sidebar-layout":"default","site-content-layout":"","ast-site-content-layout":"default","site-content-style":"default","site-sidebar-style":"default","ast-global-header-display":"","ast-banner-title-visibility":"","ast-main-header-display":"","ast-hfb-above-header-display":"","ast-hfb-below-header-display":"","ast-hfb-mobile-header-display":"","site-post-title":"","ast-breadcrumbs-content":"","ast-featured-img":"","footer-sml-layout":"","ast-disable-related-posts":"","theme-transparent-header-meta":"","adv-header-id-meta":"","stick-header-meta":"","header-above-stick-meta":"","header-main-stick-meta":"","header-below-stick-meta":"","astra-migrate-meta-layouts":"default","ast-page-background-enabled":"default","ast-page-background-meta":{"desktop":{"background-color":"","background-image":"","background-repeat":"repeat","background-position":"center center","background-size":"auto","background-attachment":"scroll","background-type":"","background-media":"","overlay-type":"","overlay-color":"","overlay-opacity":"","overlay-gradient":""},"tablet":{"background-color":"","background-image":"","background-repeat":"repeat","background-position":"center center","background-size":"auto","background-attachment":"scroll","background-type":"","background-media":"","overlay-type":"","overlay-color":"","overlay-opacity":"","overlay-gradient":""},"mobile":{"background-color":"","background-image":"","background-repeat":"repeat","background-position":"center center","background-size":"auto","background-attachment":"scroll","background-type":"","background-media":"","overlay-type":"","overlay-color":"","overlay-opacity":"","overlay-gradient":""}},"ast-content-background-meta":{"desktop":{"background-color":"var(--ast-global-color-5)","background-image":"","background-repeat":"repeat","background-position":"center center","background-size":"auto","background-attachment":"scroll","background-type":"","background-media":"","overlay-type":"","overlay-color":"","overlay-opacity":"","overlay-gradient":""},"tablet":{"background-color":"var(--ast-global-color-5)","background-image":"","background-repeat":"repeat","background-position":"center center","background-size":"auto","background-attachment":"scroll","background-type":"","background-media":"","overlay-type":"","overlay-color":"","overlay-opacity":"","overlay-gradient":""},"mobile":{"background-color":"var(--ast-global-color-5)","background-image":"","background-repeat":"repeat","background-position":"center center","background-size":"auto","background-attachment":"scroll","background-type":"","background-media":"","overlay-type":"","overlay-color":"","overlay-opacity":"","overlay-gradient":""}},"footnotes":""},"categories":[19,71,20],"tags":[1816,1817,22,1818,300,1819],"class_list":["post-1752","post","type-post","status-publish","format-standard","has-post-thumbnail","hentry","category-primeros-platos-caseros","category-aperitivos-navidad","category-recetas-de-navidad","tag-calamares-a-la-romana","tag-calamares-fritos","tag-cocina-casera","tag-como-preparar-calamares","tag-recetas-refrescantes","tag-video-receta-de-calamares"],"_links":{"self":[{"href":"https:\/\/elfornerdealella.com\/ca\/wp-json\/wp\/v2\/posts\/1752","targetHints":{"allow":["GET"]}}],"collection":[{"href":"https:\/\/elfornerdealella.com\/ca\/wp-json\/wp\/v2\/posts"}],"about":[{"href":"https:\/\/elfornerdealella.com\/ca\/wp-json\/wp\/v2\/types\/post"}],"author":[{"embeddable":true,"href":"https:\/\/elfornerdealella.com\/ca\/wp-json\/wp\/v2\/users\/1"}],"replies":[{"embeddable":true,"href":"https:\/\/elfornerdealella.com\/ca\/wp-json\/wp\/v2\/comments?post=1752"}],"version-history":[{"count":3,"href":"https:\/\/elfornerdealella.com\/ca\/wp-json\/wp\/v2\/posts\/1752\/revisions"}],"predecessor-version":[{"id":10622,"href":"https:\/\/elfornerdealella.com\/ca\/wp-json\/wp\/v2\/posts\/1752\/revisions\/10622"}],"wp:featuredmedia":[{"embeddable":true,"href":"https:\/\/elfornerdealella.com\/ca\/wp-json\/wp\/v2\/media\/10620"}],"wp:attachment":[{"href":"https:\/\/elfornerdealella.com\/ca\/wp-json\/wp\/v2\/media?parent=1752"}],"wp:term":[{"taxonomy":"category","embeddable":true,"href":"https:\/\/elfornerdealella.com\/ca\/wp-json\/wp\/v2\/categories?post=1752"},{"taxonomy":"post_tag","embeddable":true,"href":"https:\/\/elfornerdealella.com\/ca\/wp-json\/wp\/v2\/tags?post=1752"}],"curies":[{"name":"wp","href":"https:\/\/api.w.org\/{rel}","templated":true}]}}