{"id":1646,"date":"2013-07-12T07:36:33","date_gmt":"2013-07-12T07:36:33","guid":{"rendered":"https:\/\/nova.elfornerdealella.com\/?p=1646"},"modified":"2024-04-24T15:52:41","modified_gmt":"2024-04-24T13:52:41","slug":"gelat-de-llimona","status":"publish","type":"post","link":"https:\/\/elfornerdealella.com\/ca\/helado-de-limon\/","title":{"rendered":"Gelat de llimona"},"content":{"rendered":"<p>Et ve de gust un bon gelat de llimona?, avui al Forner d&#039;Alella el prepararem. \u00c9s molt f\u00e0cil i si ho fas a casa, et quedar\u00e0 molt bo. Si t&#039;agrada aquesta recepta, pots clicar \u00abM&#039;agrada\u00bb i comparteix-la amb els amics. Et deixo un enlla\u00e7 perqu\u00e8 puguis preparar el <a href=\"https:\/\/elfornerdealella.com\/ca\/sucre-invertit\/\">sucre invertit clicant aqu\u00ed<\/a>, si tens Termomix <a href=\"https:\/\/elfornerdealella.com\/ca\/sucre-invertit-amb-thermomix\/\">clica aqu\u00ed per preparar-lo<\/a><\/p>\n\n\n\n<figure class=\"wp-block-embed is-type-video is-provider-youtube wp-block-embed-youtube wp-embed-aspect-16-9 wp-has-aspect-ratio\"><div class=\"wp-block-embed__wrapper\">\n<iframe title=\"Gelat de Llimona\" width=\"500\" height=\"281\" src=\"https:\/\/www.youtube.com\/embed\/x_YjGfEAPXE?feature=oembed\" frameborder=\"0\" allow=\"accelerometer; autoplay; clipboard-write; encrypted-media; gyroscope; picture-in-picture; web-share\" referrerpolicy=\"strict-origin-when-cross-origin\" allowfullscreen><\/iframe>\n<\/div><\/figure>\n\n\n\n<h2 class=\"wp-block-heading\">INGREDIENTS:<\/h2>\n\n\n\n<ul class=\"wp-block-list\">\n<li>500 ml. Suc de llimona<\/li>\n\n\n\n<li>1 litre Llet<\/li>\n\n\n\n<li>500 grs. Sucre<\/li>\n\n\n\n<li>250 ml. Aigua<\/li>\n\n\n\n<li>4 Clares d&#039;ou<\/li>\n\n\n\n<li>4 Cullerades soperes de <a href=\"https:\/\/elfornerdealella.com\/ca\/sucre-invertit\/\">Sucre Invertit<\/a><\/li>\n\n\n\n<li>Ratlladura de 1 Llimona<\/li>\n\n\n\n<li>Un pessic de Sal<\/li>\n<\/ul>\n\n\n\n<h2 class=\"wp-block-heading\">ELABORACI\u00d3<\/h2>\n\n\n\n<ul class=\"wp-block-list\">\n<li>Posem en un cass\u00f3 l&#039;aigua i el sucre i ho deixarem bullir durant 8 minuts.<\/li>\n\n\n\n<li>Quan hagi bullit els 8 minuts li afegirem el suc de la llimona i la ratlladura de la llimona i quan comenci a bullir una altra vegada hi posarem el sucre invertit.<\/li>\n\n\n\n<li>Remenarem b\u00e9 perqu\u00e8 es dissolgui el sucre invertit i quan torni a bullir aturarem el foc.<\/li>\n\n\n\n<li>Ho posarem en un bol gran i hi afegirem la llet remenant perqu\u00e8 quedi tot barrejat. Ho deixarem refredar.<\/li>\n\n\n\n<li>Un cop fred ho deixarem durant una hora al congelador.<\/li>\n\n\n\n<li>Batem amb unes varetes les clares d&#039;ou i els hi afegim una mica de sal. Han de quedar a punt de neu.<\/li>\n\n\n\n<li>Traurem el preparat del congelador i amb una vareta manual us anirem afegint les clares a punt de neu amb moviments envoltants, fins que quedi tot ben barrejat.<\/li>\n\n\n\n<li>Ho tornarem a guardar al congelador i cada hora, el traurem del congelador remenant tot el gelat perqu\u00e8 no es cristal\u00b7litzi i quedi ben crem\u00f3s.<\/li>\n\n\n\n<li>Aquesta operaci\u00f3 la farem tres vegades, tenint en compte que cal anar desenganxant-ho de les parets del recipient.<\/li>\n\n\n\n<li>Ho aplanarem i ho deixarem 24 hores m\u00e9s al congelador i ja estar\u00e0 llest per degustar.<\/li>\n\n\n\n<li><strong>Us aconsello que veieu el v\u00eddeo d&#039;aquest delici\u00f3s gelat preparat amb llimona per a una millor comprensi\u00f3 de tot all\u00f2 explicat.<\/strong><\/li>\n<\/ul>\n\n\n\n<figure class=\"wp-block-gallery has-nested-images columns-3 is-cropped wp-block-gallery-1 is-layout-flex wp-block-gallery-is-layout-flex\">\n<figure class=\"wp-block-image size-large\"><img fetchpriority=\"high\" decoding=\"async\" width=\"640\" height=\"480\" data-id=\"1647\" src=\"https:\/\/elfornerdealella.com\/wp-content\/uploads\/2021\/03\/Helado-de-Limon02.jpg\" alt=\"Recepta de\" class=\"wp-image-1647\" title=\"Recepta de\" srcset=\"https:\/\/elfornerdealella.com\/wp-content\/uploads\/2021\/03\/Helado-de-Limon02.jpg 640w, https:\/\/elfornerdealella.com\/wp-content\/uploads\/2021\/03\/Helado-de-Limon02-600x450.jpg 600w\" sizes=\"(max-width: 640px) 100vw, 640px\" \/><\/figure>\n\n\n\n<figure class=\"wp-block-image size-large\"><img decoding=\"async\" width=\"640\" height=\"388\" data-id=\"1648\" src=\"https:\/\/elfornerdealella.com\/wp-content\/uploads\/2021\/03\/Helado-de-Limon08.jpg\" alt=\"Recepta de\" class=\"wp-image-1648\" title=\"Recepta de\" srcset=\"https:\/\/elfornerdealella.com\/wp-content\/uploads\/2021\/03\/Helado-de-Limon08.jpg 640w, https:\/\/elfornerdealella.com\/wp-content\/uploads\/2021\/03\/Helado-de-Limon08-600x364.jpg 600w\" sizes=\"(max-width: 640px) 100vw, 640px\" \/><\/figure>\n\n\n\n<figure class=\"wp-block-image size-large\"><img decoding=\"async\" width=\"640\" height=\"360\" data-id=\"1649\" src=\"https:\/\/elfornerdealella.com\/wp-content\/uploads\/2021\/03\/Helado-de-Limon12.jpg\" alt=\"Recepta de\" class=\"wp-image-1649\" title=\"Recepta de\" srcset=\"https:\/\/elfornerdealella.com\/wp-content\/uploads\/2021\/03\/Helado-de-Limon12.jpg 640w, https:\/\/elfornerdealella.com\/wp-content\/uploads\/2021\/03\/Helado-de-Limon12-600x338.jpg 600w, https:\/\/elfornerdealella.com\/wp-content\/uploads\/2021\/03\/Helado-de-Limon12-300x169.jpg 300w\" sizes=\"(max-width: 640px) 100vw, 640px\" \/><\/figure>\n\n\n\n<figure class=\"wp-block-image size-large\"><img loading=\"lazy\" decoding=\"async\" width=\"640\" height=\"362\" data-id=\"1650\" src=\"https:\/\/elfornerdealella.com\/wp-content\/uploads\/2021\/03\/Helado-de-Limon16.jpg\" alt=\"Recepta de\" class=\"wp-image-1650\" title=\"Recepta de\" srcset=\"https:\/\/elfornerdealella.com\/wp-content\/uploads\/2021\/03\/Helado-de-Limon16.jpg 640w, https:\/\/elfornerdealella.com\/wp-content\/uploads\/2021\/03\/Helado-de-Limon16-600x339.jpg 600w\" sizes=\"(max-width: 640px) 100vw, 640px\" \/><\/figure>\n\n\n\n<figure class=\"wp-block-image size-large\"><img loading=\"lazy\" decoding=\"async\" width=\"640\" height=\"360\" data-id=\"1651\" src=\"https:\/\/elfornerdealella.com\/wp-content\/uploads\/2021\/03\/Helado-de-Limon18.jpg\" alt=\"Recepta de\" class=\"wp-image-1651\" title=\"Recepta de\" srcset=\"https:\/\/elfornerdealella.com\/wp-content\/uploads\/2021\/03\/Helado-de-Limon18.jpg 640w, https:\/\/elfornerdealella.com\/wp-content\/uploads\/2021\/03\/Helado-de-Limon18-600x338.jpg 600w, https:\/\/elfornerdealella.com\/wp-content\/uploads\/2021\/03\/Helado-de-Limon18-300x169.jpg 300w\" sizes=\"(max-width: 640px) 100vw, 640px\" \/><\/figure>\n\n\n\n<figure class=\"wp-block-image size-large\"><img loading=\"lazy\" decoding=\"async\" width=\"640\" height=\"362\" data-id=\"1652\" src=\"https:\/\/elfornerdealella.com\/wp-content\/uploads\/2021\/03\/Helado-de-Limon20.jpg\" alt=\"Recepta de\" class=\"wp-image-1652\" title=\"Recepta de\" srcset=\"https:\/\/elfornerdealella.com\/wp-content\/uploads\/2021\/03\/Helado-de-Limon20.jpg 640w, https:\/\/elfornerdealella.com\/wp-content\/uploads\/2021\/03\/Helado-de-Limon20-600x339.jpg 600w\" sizes=\"(max-width: 640px) 100vw, 640px\" \/><\/figure>\n\n\n\n<figure class=\"wp-block-image size-large\"><img loading=\"lazy\" decoding=\"async\" width=\"640\" height=\"365\" data-id=\"1653\" src=\"https:\/\/elfornerdealella.com\/wp-content\/uploads\/2021\/03\/Helado-de-Limon24.jpg\" alt=\"Recepta de\" class=\"wp-image-1653\" title=\"Recepta de\" srcset=\"https:\/\/elfornerdealella.com\/wp-content\/uploads\/2021\/03\/Helado-de-Limon24.jpg 640w, https:\/\/elfornerdealella.com\/wp-content\/uploads\/2021\/03\/Helado-de-Limon24-600x342.jpg 600w\" sizes=\"(max-width: 640px) 100vw, 640px\" \/><\/figure>\n\n\n\n<figure class=\"wp-block-image size-large\"><img loading=\"lazy\" decoding=\"async\" width=\"640\" height=\"370\" data-id=\"1654\" src=\"https:\/\/elfornerdealella.com\/wp-content\/uploads\/2021\/03\/Helado-de-Limon26.jpg\" alt=\"Recepta de\" class=\"wp-image-1654\" title=\"Recepta de\" srcset=\"https:\/\/elfornerdealella.com\/wp-content\/uploads\/2021\/03\/Helado-de-Limon26.jpg 640w, https:\/\/elfornerdealella.com\/wp-content\/uploads\/2021\/03\/Helado-de-Limon26-600x347.jpg 600w\" sizes=\"(max-width: 640px) 100vw, 640px\" \/><\/figure>\n\n\n\n<figure class=\"wp-block-image size-large\"><img loading=\"lazy\" decoding=\"async\" width=\"640\" height=\"377\" data-id=\"1655\" src=\"https:\/\/elfornerdealella.com\/wp-content\/uploads\/2021\/03\/Helado-de-Limon29.jpg\" alt=\"Recepta de\" class=\"wp-image-1655\" title=\"Recepta de\" srcset=\"https:\/\/elfornerdealella.com\/wp-content\/uploads\/2021\/03\/Helado-de-Limon29.jpg 640w, https:\/\/elfornerdealella.com\/wp-content\/uploads\/2021\/03\/Helado-de-Limon29-600x353.jpg 600w\" sizes=\"(max-width: 640px) 100vw, 640px\" \/><\/figure>\n\n\n\n<figure class=\"wp-block-image size-large\"><img loading=\"lazy\" decoding=\"async\" width=\"640\" height=\"366\" data-id=\"1656\" src=\"https:\/\/elfornerdealella.com\/wp-content\/uploads\/2021\/03\/Helado-de-Limon32.jpg\" alt=\"Recepta de\" class=\"wp-image-1656\" title=\"Recepta de\" srcset=\"https:\/\/elfornerdealella.com\/wp-content\/uploads\/2021\/03\/Helado-de-Limon32.jpg 640w, https:\/\/elfornerdealella.com\/wp-content\/uploads\/2021\/03\/Helado-de-Limon32-600x343.jpg 600w\" sizes=\"(max-width: 640px) 100vw, 640px\" \/><\/figure>\n\n\n\n<figure class=\"wp-block-image size-large\"><img loading=\"lazy\" decoding=\"async\" width=\"640\" height=\"365\" data-id=\"1657\" src=\"https:\/\/elfornerdealella.com\/wp-content\/uploads\/2021\/03\/Helado-de-Limon33.jpg\" alt=\"Recepta de\" class=\"wp-image-1657\" title=\"Recepta de\" srcset=\"https:\/\/elfornerdealella.com\/wp-content\/uploads\/2021\/03\/Helado-de-Limon33.jpg 640w, https:\/\/elfornerdealella.com\/wp-content\/uploads\/2021\/03\/Helado-de-Limon33-600x342.jpg 600w, https:\/\/elfornerdealella.com\/wp-content\/uploads\/2021\/03\/Helado-de-Limon33-300x171.jpg 300w\" sizes=\"(max-width: 640px) 100vw, 640px\" \/><\/figure>\n\n\n\n<figure class=\"wp-block-image size-large\"><img loading=\"lazy\" decoding=\"async\" width=\"532\" height=\"478\" data-id=\"1658\" src=\"https:\/\/elfornerdealella.com\/wp-content\/uploads\/2021\/03\/Helado-de-Limon37.jpg\" alt=\"Recepta de\" class=\"wp-image-1658\" title=\"Recepta de\"><\/figure>\n<\/figure>","protected":false},"excerpt":{"rendered":"<p>Te apetece un buen helado de lim\u00f3n?, hoy en el Forner de Alella lo vamos a preparar. Es muy f\u00e1cil y si lo haces en casa te quedar\u00e1 muy bueno. Si te gusta esta receta, puedes clicar \u00abMe gusta\u00bb y compartela con tus amigos. Te dejo un enlace para que puedas preparar el az\u00facar invertido [&hellip;]<\/p>\n","protected":false},"author":1,"featured_media":10361,"comment_status":"open","ping_status":"open","sticky":false,"template":"","format":"standard","meta":{"site-sidebar-layout":"default","site-content-layout":"","ast-site-content-layout":"default","site-content-style":"default","site-sidebar-style":"default","ast-global-header-display":"","ast-banner-title-visibility":"","ast-main-header-display":"","ast-hfb-above-header-display":"","ast-hfb-below-header-display":"","ast-hfb-mobile-header-display":"","site-post-title":"","ast-breadcrumbs-content":"","ast-featured-img":"","footer-sml-layout":"","ast-disable-related-posts":"","theme-transparent-header-meta":"","adv-header-id-meta":"","stick-header-meta":"","header-above-stick-meta":"","header-main-stick-meta":"","header-below-stick-meta":"","astra-migrate-meta-layouts":"default","ast-page-background-enabled":"default","ast-page-background-meta":{"desktop":{"background-color":"","background-image":"","background-repeat":"repeat","background-position":"center center","background-size":"auto","background-attachment":"scroll","background-type":"","background-media":"","overlay-type":"","overlay-color":"","overlay-opacity":"","overlay-gradient":""},"tablet":{"background-color":"","background-image":"","background-repeat":"repeat","background-position":"center center","background-size":"auto","background-attachment":"scroll","background-type":"","background-media":"","overlay-type":"","overlay-color":"","overlay-opacity":"","overlay-gradient":""},"mobile":{"background-color":"","background-image":"","background-repeat":"repeat","background-position":"center center","background-size":"auto","background-attachment":"scroll","background-type":"","background-media":"","overlay-type":"","overlay-color":"","overlay-opacity":"","overlay-gradient":""}},"ast-content-background-meta":{"desktop":{"background-color":"var(--ast-global-color-5)","background-image":"","background-repeat":"repeat","background-position":"center center","background-size":"auto","background-attachment":"scroll","background-type":"","background-media":"","overlay-type":"","overlay-color":"","overlay-opacity":"","overlay-gradient":""},"tablet":{"background-color":"var(--ast-global-color-5)","background-image":"","background-repeat":"repeat","background-position":"center center","background-size":"auto","background-attachment":"scroll","background-type":"","background-media":"","overlay-type":"","overlay-color":"","overlay-opacity":"","overlay-gradient":""},"mobile":{"background-color":"var(--ast-global-color-5)","background-image":"","background-repeat":"repeat","background-position":"center center","background-size":"auto","background-attachment":"scroll","background-type":"","background-media":"","overlay-type":"","overlay-color":"","overlay-opacity":"","overlay-gradient":""}},"footnotes":""},"categories":[751],"tags":[1779,746,1780,1781,1782,747,1783],"class_list":["post-1646","post","type-post","status-publish","format-standard","has-post-thumbnail","hentry","category-helados","tag-como-hacer-helado-de-limon","tag-gelats","tag-helado-casero-de-limon","tag-helado-de-limon","tag-helado-natural-de-limon","tag-helados","tag-receta-de-helado"],"_links":{"self":[{"href":"https:\/\/elfornerdealella.com\/ca\/wp-json\/wp\/v2\/posts\/1646","targetHints":{"allow":["GET"]}}],"collection":[{"href":"https:\/\/elfornerdealella.com\/ca\/wp-json\/wp\/v2\/posts"}],"about":[{"href":"https:\/\/elfornerdealella.com\/ca\/wp-json\/wp\/v2\/types\/post"}],"author":[{"embeddable":true,"href":"https:\/\/elfornerdealella.com\/ca\/wp-json\/wp\/v2\/users\/1"}],"replies":[{"embeddable":true,"href":"https:\/\/elfornerdealella.com\/ca\/wp-json\/wp\/v2\/comments?post=1646"}],"version-history":[{"count":3,"href":"https:\/\/elfornerdealella.com\/ca\/wp-json\/wp\/v2\/posts\/1646\/revisions"}],"predecessor-version":[{"id":10363,"href":"https:\/\/elfornerdealella.com\/ca\/wp-json\/wp\/v2\/posts\/1646\/revisions\/10363"}],"wp:featuredmedia":[{"embeddable":true,"href":"https:\/\/elfornerdealella.com\/ca\/wp-json\/wp\/v2\/media\/10361"}],"wp:attachment":[{"href":"https:\/\/elfornerdealella.com\/ca\/wp-json\/wp\/v2\/media?parent=1646"}],"wp:term":[{"taxonomy":"category","embeddable":true,"href":"https:\/\/elfornerdealella.com\/ca\/wp-json\/wp\/v2\/categories?post=1646"},{"taxonomy":"post_tag","embeddable":true,"href":"https:\/\/elfornerdealella.com\/ca\/wp-json\/wp\/v2\/tags?post=1646"}],"curies":[{"name":"wp","href":"https:\/\/api.w.org\/{rel}","templated":true}]}}