{"id":1545,"date":"2015-06-02T14:20:00","date_gmt":"2015-06-02T14:20:00","guid":{"rendered":"https:\/\/nova.elfornerdealella.com\/?p=1545"},"modified":"2024-04-27T11:24:10","modified_gmt":"2024-04-27T09:24:10","slug":"botifarra-amb-gambes","status":"publish","type":"post","link":"https:\/\/elfornerdealella.com\/ca\/butifarra-con-gambas\/","title":{"rendered":"Botifarra amb Gambes"},"content":{"rendered":"<p>Prepara aquest delici\u00f3s plat de Butifarra amb Gambas, una recepta de les de Mar i Muntanya. Una combinaci\u00f3 excel\u00b7lent, amb un sabor espectacular, ja veur\u00e0s que \u00e9s molt f\u00e0cil de fer a casa, a m\u00e9s de ser r\u00e0pid de preparar. Si t&#039;animes a fer-ho, et quedar\u00e0 molt bon\u00edssim. No us perdeu el nostre v\u00eddeo de la recepta de Butifarra amb Gambes i gaudiu d&#039;aquest plat incre\u00efble. Comparteix aquest v\u00eddeo amb els teus amics i familiars perqu\u00e8 tamb\u00e9 puguin gaudir d\u00b4aquesta del\u00edcia!<\/p>\n\n\n\n<p>Per fer el <a href=\"https:\/\/elfornerdealella.com\/ca\/fumet-de-peix\/\">Fumet de Peix clica aqu\u00ed<\/a><\/p>\n\n\n\n<figure class=\"wp-block-embed is-type-video is-provider-youtube wp-block-embed-youtube wp-embed-aspect-16-9 wp-has-aspect-ratio\"><div class=\"wp-block-embed__wrapper\">\n<iframe title=\"Botifarra amb Gambes\" width=\"500\" height=\"281\" src=\"https:\/\/www.youtube.com\/embed\/VaFF3NpgiMg?feature=oembed\" frameborder=\"0\" allow=\"accelerometer; autoplay; clipboard-write; encrypted-media; gyroscope; picture-in-picture; web-share\" referrerpolicy=\"strict-origin-when-cross-origin\" allowfullscreen><\/iframe>\n<\/div><\/figure>\n\n\n\n<h2 class=\"wp-block-heading\">INGREDIENTS:<\/h2>\n\n\n\n<ul class=\"wp-block-list\">\n<li>4 Botifarres<\/li>\n\n\n\n<li>12 Gambes<\/li>\n\n\n\n<li>1 Ceba gran<\/li>\n\n\n\n<li>150 grs. Tom\u00e0quet Fregit<\/li>\n\n\n\n<li>2 Dents d&#039;All<\/li>\n\n\n\n<li>30 grs. Ametlles torrades sense pell<\/li>\n\n\n\n<li>200 ml. Vi Blanc<\/li>\n\n\n\n<li>300 ml. Fumet de Peix<\/li>\n\n\n\n<li>Julivert<\/li>\n\n\n\n<li>Oli d&#039;Oliva<\/li>\n\n\n\n<li>Sal i Pebre Negre<\/li>\n<\/ul>\n\n\n\n<h2 class=\"wp-block-heading\">ELABORACI\u00d3:<\/h2>\n\n\n\n<ul class=\"wp-block-list\">\n<li>Tallarem les botifarres a trossos i les punxarem amb una forquilla<\/li>\n\n\n\n<li>En una paella amb oli d&#039;oliva fregirem lleugerament les gambes i les salarem. Reservarem<\/li>\n\n\n\n<li>Al mateix oli fregirem les botifarres. Reservarem<\/li>\n\n\n\n<li>Sofregirem la ceba tallada molt petita al mateix oli, afegirem els alls picats i deixarem daurar amb el foc baix<\/li>\n\n\n\n<li>Triturem les ametlles amb el julivert i les cebes sofregides. Li posarem una mica de fumet per poder batre&#039;l b\u00e9<\/li>\n\n\n\n<li>Posem en una cassola la salsa i hi afegim el tom\u00e0quet fregit. Incorporem les gambes i les botifarres<\/li>\n\n\n\n<li>Ruixarem amb el vi blanc i afegim el pebre negre<\/li>\n\n\n\n<li>Afegirem una mica m\u00e9s de fumet i ho deixarem coure tot junt durant uns 6 minuts aproximadament. Tastarem la salsa i si cal afegim una mica de sal<\/li>\n\n\n\n<li>Un cop acabada la cocci\u00f3, empolvorarem amb julivert picat<\/li>\n\n\n\n<li>Deixarem reposar almenys durant uns 15 minuts<\/li>\n<\/ul>\n\n\n\n<h3 class=\"wp-block-heading\">Us aconsello que veieu el v\u00eddeo de la Botifarra amb Gambes per a una millor comprensi\u00f3 de tot el que he explicat<\/h3>\n\n\n\n<figure class=\"wp-block-gallery has-nested-images columns-3 is-cropped wp-block-gallery-1 is-layout-flex wp-block-gallery-is-layout-flex\">\n<figure class=\"wp-block-image size-large\"><img fetchpriority=\"high\" decoding=\"async\" width=\"640\" height=\"478\" data-id=\"1546\" src=\"https:\/\/elfornerdealella.com\/wp-content\/uploads\/2021\/03\/Butifarra-con-Gambas03.jpg\" alt=\"Recepta de\" class=\"wp-image-1546\" title=\"Recepta de\" srcset=\"https:\/\/elfornerdealella.com\/wp-content\/uploads\/2021\/03\/Butifarra-con-Gambas03.jpg 640w, https:\/\/elfornerdealella.com\/wp-content\/uploads\/2021\/03\/Butifarra-con-Gambas03-600x448.jpg 600w\" sizes=\"(max-width: 640px) 100vw, 640px\" \/><\/figure>\n\n\n\n<figure class=\"wp-block-image size-large\"><img decoding=\"async\" width=\"640\" height=\"362\" data-id=\"1547\" src=\"https:\/\/elfornerdealella.com\/wp-content\/uploads\/2021\/03\/Butifarra-con-Gambas12.jpg\" alt=\"Recepta de\" class=\"wp-image-1547\" title=\"Recepta de\" srcset=\"https:\/\/elfornerdealella.com\/wp-content\/uploads\/2021\/03\/Butifarra-con-Gambas12.jpg 640w, https:\/\/elfornerdealella.com\/wp-content\/uploads\/2021\/03\/Butifarra-con-Gambas12-600x339.jpg 600w\" sizes=\"(max-width: 640px) 100vw, 640px\" \/><\/figure>\n\n\n\n<figure class=\"wp-block-image size-large\"><img decoding=\"async\" width=\"640\" height=\"375\" data-id=\"1548\" src=\"https:\/\/elfornerdealella.com\/wp-content\/uploads\/2021\/03\/Butifarra-con-Gambas17.jpg\" alt=\"Recepta de\" class=\"wp-image-1548\" title=\"Recepta de\" srcset=\"https:\/\/elfornerdealella.com\/wp-content\/uploads\/2021\/03\/Butifarra-con-Gambas17.jpg 640w, https:\/\/elfornerdealella.com\/wp-content\/uploads\/2021\/03\/Butifarra-con-Gambas17-600x352.jpg 600w\" sizes=\"(max-width: 640px) 100vw, 640px\" \/><\/figure>\n\n\n\n<figure class=\"wp-block-image size-large\"><img loading=\"lazy\" decoding=\"async\" width=\"640\" height=\"368\" data-id=\"1549\" src=\"https:\/\/elfornerdealella.com\/wp-content\/uploads\/2021\/03\/Butifarra-con-Gambas23.jpg\" alt=\"Recepta de\" class=\"wp-image-1549\" title=\"Recepta de\" srcset=\"https:\/\/elfornerdealella.com\/wp-content\/uploads\/2021\/03\/Butifarra-con-Gambas23.jpg 640w, https:\/\/elfornerdealella.com\/wp-content\/uploads\/2021\/03\/Butifarra-con-Gambas23-600x345.jpg 600w\" sizes=\"(max-width: 640px) 100vw, 640px\" \/><\/figure>\n\n\n\n<figure class=\"wp-block-image size-large\"><img loading=\"lazy\" decoding=\"async\" width=\"640\" height=\"414\" data-id=\"1551\" src=\"https:\/\/elfornerdealella.com\/wp-content\/uploads\/2021\/03\/Butifarra-con-Gambas33.jpg\" alt=\"Recepta de\" class=\"wp-image-1551\" title=\"Recepta de\" srcset=\"https:\/\/elfornerdealella.com\/wp-content\/uploads\/2021\/03\/Butifarra-con-Gambas33.jpg 640w, https:\/\/elfornerdealella.com\/wp-content\/uploads\/2021\/03\/Butifarra-con-Gambas33-600x388.jpg 600w\" sizes=\"(max-width: 640px) 100vw, 640px\" \/><\/figure>\n\n\n\n<figure class=\"wp-block-image size-large\"><img loading=\"lazy\" decoding=\"async\" width=\"640\" height=\"378\" data-id=\"1552\" src=\"https:\/\/elfornerdealella.com\/wp-content\/uploads\/2021\/03\/Butifarra-con-Gambas36.jpg\" alt=\"Recepta de\" class=\"wp-image-1552\" title=\"Recepta de\" srcset=\"https:\/\/elfornerdealella.com\/wp-content\/uploads\/2021\/03\/Butifarra-con-Gambas36.jpg 640w, https:\/\/elfornerdealella.com\/wp-content\/uploads\/2021\/03\/Butifarra-con-Gambas36-600x354.jpg 600w\" sizes=\"(max-width: 640px) 100vw, 640px\" \/><\/figure>\n\n\n\n<figure class=\"wp-block-image size-large\"><img loading=\"lazy\" decoding=\"async\" width=\"640\" height=\"370\" data-id=\"1553\" src=\"https:\/\/elfornerdealella.com\/wp-content\/uploads\/2021\/03\/Butifarra-con-Gambas44.jpg\" alt=\"Recepta de\" class=\"wp-image-1553\" title=\"Recepta de\" srcset=\"https:\/\/elfornerdealella.com\/wp-content\/uploads\/2021\/03\/Butifarra-con-Gambas44.jpg 640w, https:\/\/elfornerdealella.com\/wp-content\/uploads\/2021\/03\/Butifarra-con-Gambas44-600x347.jpg 600w\" sizes=\"(max-width: 640px) 100vw, 640px\" \/><\/figure>\n<\/figure>","protected":false},"excerpt":{"rendered":"<p>Prepara este delicioso plato de Butifarra con Gambas, una receta de las de Mar y Monta\u00f1a. Una combinaci\u00f3n excelente, con un sabor espectacular, ya ver\u00e1s que es muy f\u00e1cil de hacer en casa, adem\u00e1s de ser r\u00e1pida de preparar. Si te animas a hacerlo, te quedar\u00e1 buen\u00edsimo. No te pierdas nuestro v\u00eddeo de la receta [&hellip;]<\/p>\n","protected":false},"author":1,"featured_media":10979,"comment_status":"open","ping_status":"open","sticky":false,"template":"","format":"standard","meta":{"site-sidebar-layout":"default","site-content-layout":"","ast-site-content-layout":"default","site-content-style":"default","site-sidebar-style":"default","ast-global-header-display":"","ast-banner-title-visibility":"","ast-main-header-display":"","ast-hfb-above-header-display":"","ast-hfb-below-header-display":"","ast-hfb-mobile-header-display":"","site-post-title":"","ast-breadcrumbs-content":"","ast-featured-img":"","footer-sml-layout":"","ast-disable-related-posts":"","theme-transparent-header-meta":"","adv-header-id-meta":"","stick-header-meta":"","header-above-stick-meta":"","header-main-stick-meta":"","header-below-stick-meta":"","astra-migrate-meta-layouts":"default","ast-page-background-enabled":"default","ast-page-background-meta":{"desktop":{"background-color":"","background-image":"","background-repeat":"repeat","background-position":"center center","background-size":"auto","background-attachment":"scroll","background-type":"","background-media":"","overlay-type":"","overlay-color":"","overlay-opacity":"","overlay-gradient":""},"tablet":{"background-color":"","background-image":"","background-repeat":"repeat","background-position":"center center","background-size":"auto","background-attachment":"scroll","background-type":"","background-media":"","overlay-type":"","overlay-color":"","overlay-opacity":"","overlay-gradient":""},"mobile":{"background-color":"","background-image":"","background-repeat":"repeat","background-position":"center center","background-size":"auto","background-attachment":"scroll","background-type":"","background-media":"","overlay-type":"","overlay-color":"","overlay-opacity":"","overlay-gradient":""}},"ast-content-background-meta":{"desktop":{"background-color":"var(--ast-global-color-5)","background-image":"","background-repeat":"repeat","background-position":"center center","background-size":"auto","background-attachment":"scroll","background-type":"","background-media":"","overlay-type":"","overlay-color":"","overlay-opacity":"","overlay-gradient":""},"tablet":{"background-color":"var(--ast-global-color-5)","background-image":"","background-repeat":"repeat","background-position":"center center","background-size":"auto","background-attachment":"scroll","background-type":"","background-media":"","overlay-type":"","overlay-color":"","overlay-opacity":"","overlay-gradient":""},"mobile":{"background-color":"var(--ast-global-color-5)","background-image":"","background-repeat":"repeat","background-position":"center center","background-size":"auto","background-attachment":"scroll","background-type":"","background-media":"","overlay-type":"","overlay-color":"","overlay-opacity":"","overlay-gradient":""}},"footnotes":""},"categories":[92],"tags":[1740,1741,1742,1743],"class_list":["post-1545","post","type-post","status-publish","format-standard","has-post-thumbnail","hentry","category-segundos-platos-caseros","tag-butifarra-con-gambas","tag-butifarra-y-gambas","tag-butifarra-y-gambones","tag-preparar-butifarra"],"_links":{"self":[{"href":"https:\/\/elfornerdealella.com\/ca\/wp-json\/wp\/v2\/posts\/1545","targetHints":{"allow":["GET"]}}],"collection":[{"href":"https:\/\/elfornerdealella.com\/ca\/wp-json\/wp\/v2\/posts"}],"about":[{"href":"https:\/\/elfornerdealella.com\/ca\/wp-json\/wp\/v2\/types\/post"}],"author":[{"embeddable":true,"href":"https:\/\/elfornerdealella.com\/ca\/wp-json\/wp\/v2\/users\/1"}],"replies":[{"embeddable":true,"href":"https:\/\/elfornerdealella.com\/ca\/wp-json\/wp\/v2\/comments?post=1545"}],"version-history":[{"count":3,"href":"https:\/\/elfornerdealella.com\/ca\/wp-json\/wp\/v2\/posts\/1545\/revisions"}],"predecessor-version":[{"id":10983,"href":"https:\/\/elfornerdealella.com\/ca\/wp-json\/wp\/v2\/posts\/1545\/revisions\/10983"}],"wp:featuredmedia":[{"embeddable":true,"href":"https:\/\/elfornerdealella.com\/ca\/wp-json\/wp\/v2\/media\/10979"}],"wp:attachment":[{"href":"https:\/\/elfornerdealella.com\/ca\/wp-json\/wp\/v2\/media?parent=1545"}],"wp:term":[{"taxonomy":"category","embeddable":true,"href":"https:\/\/elfornerdealella.com\/ca\/wp-json\/wp\/v2\/categories?post=1545"},{"taxonomy":"post_tag","embeddable":true,"href":"https:\/\/elfornerdealella.com\/ca\/wp-json\/wp\/v2\/tags?post=1545"}],"curies":[{"name":"wp","href":"https:\/\/api.w.org\/{rel}","templated":true}]}}