{"id":14704,"date":"2026-02-19T10:00:00","date_gmt":"2026-02-19T09:00:00","guid":{"rendered":"https:\/\/elfornerdealella.com\/?p=14704"},"modified":"2026-03-04T19:05:32","modified_gmt":"2026-03-04T18:05:32","slug":"tarta-de-manzana-y-yogurt","status":"publish","type":"post","link":"https:\/\/elfornerdealella.com\/ca\/tarta-de-manzana-y-yogurt\/","title":{"rendered":"Tarta de Manzana y Yogurt"},"content":{"rendered":"<p>La receta m\u00e1s f\u00e1cil y deliciosa hecha con bizcocho. Sorprende a todos con este postre casero, perfecto para cualquier ocasi\u00f3n. Una combinaci\u00f3n de sabores cl\u00e1sica y sencilla de preparar que combina perfectamente el yogurt con las manzanas.<\/p>\n\n\n\n<p><\/p>\n\n\n\n<figure class=\"wp-block-embed is-type-video is-provider-youtube wp-block-embed-youtube wp-embed-aspect-16-9 wp-has-aspect-ratio\"><div class=\"wp-block-embed__wrapper\">\n<iframe title=\"Tarta de manzana y yogurt\" width=\"500\" height=\"281\" src=\"https:\/\/www.youtube.com\/embed\/uK-J8ULoZIc?feature=oembed\" frameborder=\"0\" allow=\"accelerometer; autoplay; clipboard-write; encrypted-media; gyroscope; picture-in-picture; web-share\" referrerpolicy=\"strict-origin-when-cross-origin\" allowfullscreen><\/iframe>\n<\/div><\/figure>\n\n\n\n<p><\/p>\n\n\n\n<h2 class=\"wp-block-heading\">INGREDIENTES PARA UN MOLDE 22 cm. x 6 cm alto:<\/h2>\n\n\n\n<ul class=\"wp-block-list\">\n<li>1 Iogurt natural<\/li>\n\n\n\n<li>225 gr. Farina d&#039;\u00fas com\u00fa<\/li>\n\n\n\n<li>225 gr. Sucre<\/li>\n\n\n\n<li>3 Ous<\/li>\n\n\n\n<li>4 Manzanas Golden peque\u00f1as<\/li>\n\n\n\n<li>75 ml. Oli d&#039;Oliva<\/li>\n\n\n\n<li>Ratlladura de 1 Llimona<\/li>\n\n\n\n<li>16 gr. Llevat qu\u00edmic Royal<\/li>\n\n\n\n<li>Melmelada de Pr\u00e9ssec<\/li>\n\n\n\n<li>Mantega per untar el motlle<\/li>\n<\/ul>\n\n\n\n<h2 class=\"wp-block-heading\">ELABORACI\u00d3:<\/h2>\n\n\n\n<ul class=\"wp-block-list\">\n<li>Pondremos los huevos y el az\u00facar en un bol. Batiremos con las varillas el\u00e9ctricas durante unos 6 minutos.<\/li>\n\n\n\n<li>A\u00f1adiremos la ralladura de lim\u00f3n, el aceite y el yogurt. Batiremos hasta integrarlo todo.<\/li>\n\n\n\n<li>Agregaremos la levadura a la harina, Removeremos y tamizaremos.<\/li>\n\n\n\n<li>Incorporaremos la harina a la mezcla y batiremos unos 4 minutos m\u00e1s.<\/li>\n\n\n\n<li>Sacaremos el coraz\u00f3n a las manzanas y las pelaremos. Haremos 4 trozos de cada manzana y las cortaremos a l\u00e1minas bien finitas. Reservaremos la mitad de las manzanas y con el resto las cortaremos en trozos peque\u00f1os que agregaremos la masa que tenemos preparada.<\/li>\n\n\n\n<li>Pondremos papel de hornear en la base del molde redondo. Untaremos con mantequilla la base y los lados del molde.<\/li>\n\n\n\n<li>Pasaremos la mezcla al molde y le daremos unos golpecitos para quitar las burbujas.<\/li>\n\n\n\n<li>Finalmente por encima pondremos el resto de manzanas para cubrir totalmente la superficie.<\/li>\n\n\n\n<li>Hemos precalentado el horno a 170\u00ba grados cent\u00edgrados por arriba y abajo y hornearemos la tarta durante unos 55 minutos. Depende de cada horno.<\/li>\n\n\n\n<li>Antes de que se enfr\u00ede la tarta la pintaremos con la mermelada.<\/li>\n\n\n\n<li>Hay que dejarla enfriar antes de desmoldarla.<\/li>\n\n\n\n<li>Os aconsejo que ve\u00e1is nuestro v\u00eddeo de Tarta de Manzana y Yogurt para una mejor comprensi\u00f3n de todo lo explicado.<\/li>\n<\/ul>","protected":false},"excerpt":{"rendered":"<p>La receta m\u00e1s f\u00e1cil y deliciosa hecha con bizcocho. Sorprende a todos con este postre casero, perfecto para cualquier ocasi\u00f3n. Una combinaci\u00f3n de sabores cl\u00e1sica y sencilla de preparar que combina perfectamente el yogurt con las manzanas. INGREDIENTES PARA UN MOLDE 22 cm. x 6 cm alto: ELABORACI\u00d3N:<\/p>","protected":false},"author":1,"featured_media":14709,"comment_status":"open","ping_status":"open","sticky":false,"template":"","format":"standard","meta":{"site-sidebar-layout":"default","site-content-layout":"","ast-site-content-layout":"default","site-content-style":"default","site-sidebar-style":"default","ast-global-header-display":"","ast-banner-title-visibility":"","ast-main-header-display":"","ast-hfb-above-header-display":"","ast-hfb-below-header-display":"","ast-hfb-mobile-header-display":"","site-post-title":"","ast-breadcrumbs-content":"","ast-featured-img":"","footer-sml-layout":"","ast-disable-related-posts":"","theme-transparent-header-meta":"","adv-header-id-meta":"","stick-header-meta":"","header-above-stick-meta":"","header-main-stick-meta":"","header-below-stick-meta":"","astra-migrate-meta-layouts":"set","ast-page-background-enabled":"default","ast-page-background-meta":{"desktop":{"background-color":"","background-image":"","background-repeat":"repeat","background-position":"center center","background-size":"auto","background-attachment":"scroll","background-type":"","background-media":"","overlay-type":"","overlay-color":"","overlay-opacity":"","overlay-gradient":""},"tablet":{"background-color":"","background-image":"","background-repeat":"repeat","background-position":"center center","background-size":"auto","background-attachment":"scroll","background-type":"","background-media":"","overlay-type":"","overlay-color":"","overlay-opacity":"","overlay-gradient":""},"mobile":{"background-color":"","background-image":"","background-repeat":"repeat","background-position":"center center","background-size":"auto","background-attachment":"scroll","background-type":"","background-media":"","overlay-type":"","overlay-color":"","overlay-opacity":"","overlay-gradient":""}},"ast-content-background-meta":{"desktop":{"background-color":"var(--ast-global-color-5)","background-image":"","background-repeat":"repeat","background-position":"center center","background-size":"auto","background-attachment":"scroll","background-type":"","background-media":"","overlay-type":"","overlay-color":"","overlay-opacity":"","overlay-gradient":""},"tablet":{"background-color":"var(--ast-global-color-5)","background-image":"","background-repeat":"repeat","background-position":"center center","background-size":"auto","background-attachment":"scroll","background-type":"","background-media":"","overlay-type":"","overlay-color":"","overlay-opacity":"","overlay-gradient":""},"mobile":{"background-color":"var(--ast-global-color-5)","background-image":"","background-repeat":"repeat","background-position":"center center","background-size":"auto","background-attachment":"scroll","background-type":"","background-media":"","overlay-type":"","overlay-color":"","overlay-opacity":"","overlay-gradient":""}},"footnotes":""},"categories":[49],"tags":[5243],"class_list":["post-14704","post","type-post","status-publish","format-standard","has-post-thumbnail","hentry","category-postres-caseros","tag-tarta-de-manzana-y-yogurt"],"_links":{"self":[{"href":"https:\/\/elfornerdealella.com\/ca\/wp-json\/wp\/v2\/posts\/14704","targetHints":{"allow":["GET"]}}],"collection":[{"href":"https:\/\/elfornerdealella.com\/ca\/wp-json\/wp\/v2\/posts"}],"about":[{"href":"https:\/\/elfornerdealella.com\/ca\/wp-json\/wp\/v2\/types\/post"}],"author":[{"embeddable":true,"href":"https:\/\/elfornerdealella.com\/ca\/wp-json\/wp\/v2\/users\/1"}],"replies":[{"embeddable":true,"href":"https:\/\/elfornerdealella.com\/ca\/wp-json\/wp\/v2\/comments?post=14704"}],"version-history":[{"count":3,"href":"https:\/\/elfornerdealella.com\/ca\/wp-json\/wp\/v2\/posts\/14704\/revisions"}],"predecessor-version":[{"id":14731,"href":"https:\/\/elfornerdealella.com\/ca\/wp-json\/wp\/v2\/posts\/14704\/revisions\/14731"}],"wp:featuredmedia":[{"embeddable":true,"href":"https:\/\/elfornerdealella.com\/ca\/wp-json\/wp\/v2\/media\/14709"}],"wp:attachment":[{"href":"https:\/\/elfornerdealella.com\/ca\/wp-json\/wp\/v2\/media?parent=14704"}],"wp:term":[{"taxonomy":"category","embeddable":true,"href":"https:\/\/elfornerdealella.com\/ca\/wp-json\/wp\/v2\/categories?post=14704"},{"taxonomy":"post_tag","embeddable":true,"href":"https:\/\/elfornerdealella.com\/ca\/wp-json\/wp\/v2\/tags?post=14704"}],"curies":[{"name":"wp","href":"https:\/\/api.w.org\/{rel}","templated":true}]}}