{"id":13915,"date":"2024-12-12T10:38:04","date_gmt":"2024-12-12T09:38:04","guid":{"rendered":"https:\/\/elfornerdealella.com\/?p=13915"},"modified":"2024-12-12T10:41:16","modified_gmt":"2024-12-12T09:41:16","slug":"caldereta-de-rap-gambes-i-patates","status":"publish","type":"post","link":"https:\/\/elfornerdealella.com\/ca\/caldereta-de-rape-gambas-y-patatas\/","title":{"rendered":"Caldereta de Rape Gambes i Patates"},"content":{"rendered":"<p>Caldereta de Rape, Gambes i Patates: el guisat mariner que conquereix. Gaudeix d\u00b4aquesta del\u00edcia de la cuina espanyola que combina la textura ferma del rap, la suavitat de les gambes i la cremositat de les patates. Perfecta per compartir, aquesta recepta destaca pel sabor aut\u00e8ntic i la senzillesa en la preparaci\u00f3, ideal per lluir-te en reunions familiars o amb amics. Apr\u00e8n com portar els sabors del mar directament a la teva taula i transforma un \u00e0pat en una experi\u00e8ncia inoblidable.<\/p>\n\n\n\n<p><\/p>\n\n\n\n<figure class=\"wp-block-embed is-type-video is-provider-youtube wp-block-embed-youtube wp-embed-aspect-16-9 wp-has-aspect-ratio\"><div class=\"wp-block-embed__wrapper\">\n<iframe title=\"Caldereta de Rap gambes i patates\" width=\"500\" height=\"281\" src=\"https:\/\/www.youtube.com\/embed\/t4-ZQQYyhS8?feature=oembed\" frameborder=\"0\" allow=\"accelerometer; autoplay; clipboard-write; encrypted-media; gyroscope; picture-in-picture; web-share\" referrerpolicy=\"strict-origin-when-cross-origin\" allowfullscreen><\/iframe>\n<\/div><\/figure>\n\n\n\n<p><\/p>\n\n\n\n<h2 class=\"wp-block-heading\">INGREDIENTS:<\/h2>\n\n\n\n<ul class=\"wp-block-list\">\n<li>4 Rodanxes de Rape<\/li>\n\n\n\n<li>6 Gambes<\/li>\n\n\n\n<li>1 Ceba \u00bd Pebrot Vermell<\/li>\n\n\n\n<li>2 Patates<\/li>\n\n\n\n<li>100 ml. Vi Blanc<\/li>\n\n\n\n<li>1 l. Brou de Peix aprox.<\/li>\n\n\n\n<li>1 culleradeta de caf\u00e8 de Pebre vermell<\/li>\n\n\n\n<li>Oli d&#039;Oliva<\/li>\n\n\n\n<li>Sal i Pebre negre<\/li>\n\n\n\n<li>Farina per arrebossar<\/li>\n<\/ul>\n\n\n\n<p>Per a la Picada:<\/p>\n\n\n\n<ul class=\"wp-block-list\">\n<li>2 Dents d&#039;All<\/li>\n\n\n\n<li>30 gr. Ametlles sense pell<\/li>\n\n\n\n<li>Julivert<\/li>\n\n\n\n<li>Oli d&#039;Oliva<\/li>\n<\/ul>\n\n\n\n<h2 class=\"wp-block-heading\">ELABORACI\u00d3:<\/h2>\n\n\n\n<ul class=\"wp-block-list\">\n<li>Picarem el pebrot i la ceba tot ben petit\u00f3.<\/li>\n\n\n\n<li>En una cassola hi posarem l&#039;oli i quan estigui calent hi tirem les ametlles i els alls que hem partit per la meitat. Quan estigui tot fregit, ho reservarem.<\/li>\n\n\n\n<li>Al mateix oli fregirem lleugerament les gambes, nom\u00e9s volta i volta.<\/li>\n\n\n\n<li>Salarem i enfarinarem el rap i ho fregirem per les dues cares. Reservarem sobre paper absorbent de cuina per treure&#039;n l&#039;exc\u00e9s d&#039;oli.<\/li>\n\n\n\n<li>Seguidament, ficarem la ceba i el pebrot vermell. Remenarem i sofregirem amb el foc baix durant uns 10 minuts aproximadament o fins que estigui com si fos una melmelada.<\/li>\n\n\n\n<li>Afegirem el vi i quan hagi evaporat l&#039;alcohol hi posarem el pebre vermell. Remenarem perqu\u00e8 no es cremi i afegirem el brou.<\/li>\n\n\n\n<li>Quan bulli incorporarem les patates que hem tallat a discos. Cuinarem fins que les patates estiguin cuites, aproximadament uns 18 minuts.<\/li>\n\n\n\n<li>Farem una picada amb els alls, les ametlles i el julivert. Es pot fer a m\u00e0 o amb un batedor el\u00e8ctric.<\/li>\n\n\n\n<li>Incorporarem el rap a la cassola i les gambes, Comprovarem de sal i courem durant un parell de minuts.<\/li>\n\n\n\n<li>Finalment afegirem la picada. Remenarem la cassola i hi afegirem una mica m\u00e9s de brou, si la salsa ens ha quedat molt espessa. Cuinarem durant dos minuts m\u00e9s.<\/li>\n\n\n\n<li>Us aconsello que veieu el nostre v\u00eddeo de Caldereta de Rape, Gambes i Patates per a una millor comprensi\u00f3 de tot all\u00f2 explicat.<\/li>\n<\/ul>","protected":false},"excerpt":{"rendered":"<p>Caldereta de Rape, Gambas y Patatas: el guiso marinero que conquista. Disfruta de esta delicia de la cocina espa\u00f1ola que combina la textura firme del rape, la suavidad de las gambas y la cremosidad de las patatas. Perfecta para compartir, esta receta destaca por su sabor aut\u00e9ntico y su sencillez en la preparaci\u00f3n, ideal para [&hellip;]<\/p>\n","protected":false},"author":1,"featured_media":13919,"comment_status":"open","ping_status":"open","sticky":false,"template":"","format":"standard","meta":{"site-sidebar-layout":"default","site-content-layout":"","ast-site-content-layout":"default","site-content-style":"default","site-sidebar-style":"default","ast-global-header-display":"","ast-banner-title-visibility":"","ast-main-header-display":"","ast-hfb-above-header-display":"","ast-hfb-below-header-display":"","ast-hfb-mobile-header-display":"","site-post-title":"","ast-breadcrumbs-content":"","ast-featured-img":"","footer-sml-layout":"","ast-disable-related-posts":"","theme-transparent-header-meta":"","adv-header-id-meta":"","stick-header-meta":"","header-above-stick-meta":"","header-main-stick-meta":"","header-below-stick-meta":"","astra-migrate-meta-layouts":"set","ast-page-background-enabled":"default","ast-page-background-meta":{"desktop":{"background-color":"","background-image":"","background-repeat":"repeat","background-position":"center center","background-size":"auto","background-attachment":"scroll","background-type":"","background-media":"","overlay-type":"","overlay-color":"","overlay-opacity":"","overlay-gradient":""},"tablet":{"background-color":"","background-image":"","background-repeat":"repeat","background-position":"center center","background-size":"auto","background-attachment":"scroll","background-type":"","background-media":"","overlay-type":"","overlay-color":"","overlay-opacity":"","overlay-gradient":""},"mobile":{"background-color":"","background-image":"","background-repeat":"repeat","background-position":"center center","background-size":"auto","background-attachment":"scroll","background-type":"","background-media":"","overlay-type":"","overlay-color":"","overlay-opacity":"","overlay-gradient":""}},"ast-content-background-meta":{"desktop":{"background-color":"var(--ast-global-color-5)","background-image":"","background-repeat":"repeat","background-position":"center center","background-size":"auto","background-attachment":"scroll","background-type":"","background-media":"","overlay-type":"","overlay-color":"","overlay-opacity":"","overlay-gradient":""},"tablet":{"background-color":"var(--ast-global-color-5)","background-image":"","background-repeat":"repeat","background-position":"center center","background-size":"auto","background-attachment":"scroll","background-type":"","background-media":"","overlay-type":"","overlay-color":"","overlay-opacity":"","overlay-gradient":""},"mobile":{"background-color":"var(--ast-global-color-5)","background-image":"","background-repeat":"repeat","background-position":"center center","background-size":"auto","background-attachment":"scroll","background-type":"","background-media":"","overlay-type":"","overlay-color":"","overlay-opacity":"","overlay-gradient":""}},"footnotes":""},"categories":[20,92,93],"tags":[5140,5137,5139],"class_list":["post-13915","post","type-post","status-publish","format-standard","has-post-thumbnail","hentry","category-recetas-de-navidad","category-segundos-platos-caseros","category-segundos-platos-navidad","tag-calderata","tag-caldereta-de-rape","tag-caldereta-de-rape-gambas-y-patatas"],"_links":{"self":[{"href":"https:\/\/elfornerdealella.com\/ca\/wp-json\/wp\/v2\/posts\/13915","targetHints":{"allow":["GET"]}}],"collection":[{"href":"https:\/\/elfornerdealella.com\/ca\/wp-json\/wp\/v2\/posts"}],"about":[{"href":"https:\/\/elfornerdealella.com\/ca\/wp-json\/wp\/v2\/types\/post"}],"author":[{"embeddable":true,"href":"https:\/\/elfornerdealella.com\/ca\/wp-json\/wp\/v2\/users\/1"}],"replies":[{"embeddable":true,"href":"https:\/\/elfornerdealella.com\/ca\/wp-json\/wp\/v2\/comments?post=13915"}],"version-history":[{"count":2,"href":"https:\/\/elfornerdealella.com\/ca\/wp-json\/wp\/v2\/posts\/13915\/revisions"}],"predecessor-version":[{"id":13944,"href":"https:\/\/elfornerdealella.com\/ca\/wp-json\/wp\/v2\/posts\/13915\/revisions\/13944"}],"wp:featuredmedia":[{"embeddable":true,"href":"https:\/\/elfornerdealella.com\/ca\/wp-json\/wp\/v2\/media\/13919"}],"wp:attachment":[{"href":"https:\/\/elfornerdealella.com\/ca\/wp-json\/wp\/v2\/media?parent=13915"}],"wp:term":[{"taxonomy":"category","embeddable":true,"href":"https:\/\/elfornerdealella.com\/ca\/wp-json\/wp\/v2\/categories?post=13915"},{"taxonomy":"post_tag","embeddable":true,"href":"https:\/\/elfornerdealella.com\/ca\/wp-json\/wp\/v2\/tags?post=13915"}],"curies":[{"name":"wp","href":"https:\/\/api.w.org\/{rel}","templated":true}]}}