{"id":1378,"date":"2013-06-04T09:46:17","date_gmt":"2013-06-04T09:46:17","guid":{"rendered":"https:\/\/nova.elfornerdealella.com\/?p=1378"},"modified":"2024-04-23T13:54:48","modified_gmt":"2024-04-23T11:54:48","slug":"pa-per-fer-amb-els-nens","status":"publish","type":"post","link":"https:\/\/elfornerdealella.com\/ca\/pan-para-hacer-con-los-ninos\/","title":{"rendered":"Pa per fer amb els nens"},"content":{"rendered":"<p>Avui prepararem uns pans infantils per fer amb els nens a casa. Es divertiran molt i per a ells \u00e9s una novetat. El resultat final els encanta. Si t&#039;agrada aquest v\u00eddeo no oblidis clicar el \u00abm&#039;agrada\u00bb i comparteix-ho amb els teus amics.<\/p>\n\n\n\n<figure class=\"wp-block-embed is-type-video is-provider-youtube wp-block-embed-youtube wp-embed-aspect-16-9 wp-has-aspect-ratio\"><div class=\"wp-block-embed__wrapper\">\n<iframe title=\"Pa per fer amb els Nens a Casa\" width=\"500\" height=\"281\" src=\"https:\/\/www.youtube.com\/embed\/lGdLr61yePs?feature=oembed\" frameborder=\"0\" allow=\"accelerometer; autoplay; clipboard-write; encrypted-media; gyroscope; picture-in-picture; web-share\" referrerpolicy=\"strict-origin-when-cross-origin\" allowfullscreen><\/iframe>\n<\/div><\/figure>\n\n\n\n<h2 class=\"wp-block-heading\">Ingredients:<\/h2>\n\n\n\n<p>INGREDIENTS PER NEN:<\/p>\n\n\n\n<ul class=\"wp-block-list\">\n<li>170 grs. Farina de For\u00e7a<\/li>\n\n\n\n<li>80 ml. Aigua<\/li>\n\n\n\n<li>10 grs. Mantega<\/li>\n\n\n\n<li>10 grs. Sucre<\/li>\n\n\n\n<li>4 grs. Sal<\/li>\n\n\n\n<li>10 grs. Llet en pols<\/li>\n\n\n\n<li>10 grs. Llevat de Forner<\/li>\n\n\n\n<li>Un ou per pintar<\/li>\n<\/ul>\n\n\n\n<h2 class=\"wp-block-heading\">Elaboraci\u00f3:<\/h2>\n\n\n\n<ul class=\"wp-block-list\">\n<li>Tamisarem la farina i la posarem en un bol. Hi afegirem la mantega, el sucre, la llet en pols, la sal i l&#039;aigua.<\/li>\n\n\n\n<li>Amassarem b\u00e9 amb una esp\u00e0tula fins que es quedi tot integrat.<\/li>\n\n\n\n<li>Continuarem pastant amb les dues mans, prement la massa, fent una bola fins que s&#039;enlairi de les mans.<\/li>\n\n\n\n<li>Afegirem el llevat de forner esmicolat i seguirem pastant fins que el llevat estigui ben integrat.<\/li>\n\n\n\n<li>Traurem la massa del bol i hi donarem unes voltes fins que ens quedi la massa rodona.<\/li>\n\n\n\n<li>La deixarem reposar durant 30 minuts tapada amb un drap.<\/li>\n\n\n\n<li>Aplanarem la massa i la doblegarem per la meitat. Li farem un quart de volta i pitjarem la massa aplanant-la.<\/li>\n\n\n\n<li>La tornarem a doblegar i farem un altre quart de tornada. Farem una bola i la deixem reposar durant uns cinc minuts tapada amb un drap.<\/li>\n\n\n\n<li>Pesem la massa i la dividirem en tres porcions, una de 80 grs. una de 100 grs. i una de 120 grs.<\/li>\n\n\n\n<li>Amb la massa de 80 grs. farem un cargol. Estirarem la massa amb les dues mans fins aconseguir un cilindre prou llarg per fer el cargol.<\/li>\n\n\n\n<li>Preparem una safata del forn i la untem amb una mica d&#039;oli.<\/li>\n\n\n\n<li>A la safata enrotllem la massa com si fos una ensa\u00efmada, deixant una punta lliure per fer les banyes i poder tallar-ho per donar-li la forma. (veure el v\u00eddeo).<\/li>\n\n\n\n<li>Per fer l\u00b4escala tallarem la massa de 100 grs. en cinc porcions, dues de m\u00e9s grans i tres de petites.<\/li>\n\n\n\n<li>Estirarem les cinc porcions. Les dues grans han de quedar iguals de longitud. Les posarem en paral\u00b7lel a la safata del forn i les tres petites seran els esglaons de l&#039;escala. Apretarem les tres petites perqu\u00e8 quedin enganxades a les grans.<\/li>\n\n\n\n<li>Amb la massa de 120 grs. farem la trena. Tallarem tres porcions de 40 grs. cadascuna. Les estirarem i les deixarem igual de llargues totes tres.<\/li>\n\n\n\n<li>Unirem les tres puntes i fem una trena.<\/li>\n\n\n\n<li>Batem un ou i hi afegirem un pessic de sal. Pintarem les tres peces.<\/li>\n\n\n\n<li>Als cargols els posarem uns ulls que poden ser dues panses de Corint.<\/li>\n\n\n\n<li>Hem preescalfat el forn a 200 \u00ba cent\u00edgrads i el courem per dalt i per baix durant uns 12 minuts aproximadament.<\/li>\n<\/ul>\n\n\n\n<h3 class=\"wp-block-heading\">Us aconsello que veieu el v\u00eddeo per poder seguir correctament totes les indicacions i veure com es fan les tres peces de pa infantil.<\/h3>","protected":false},"excerpt":{"rendered":"<p>Hoy vamos a preparar unos panes infantiles para hacer con los ni\u00f1os en casa. Se van a divertir mucho y para ellos es una novedad. El resultado final les encanta. Si te gusta este video no olvides clicar el \u00abme gusta\u00bb y comp\u00e1rtelo con tus amigos. Ingredientes: INGREDIENTES POR NI\u00d1O: Elaboraci\u00f3n: Os aconsejo que ve\u00e1is [&hellip;]<\/p>\n","protected":false},"author":1,"featured_media":10099,"comment_status":"open","ping_status":"open","sticky":false,"template":"","format":"standard","meta":{"site-sidebar-layout":"default","site-content-layout":"","ast-site-content-layout":"default","site-content-style":"default","site-sidebar-style":"default","ast-global-header-display":"","ast-banner-title-visibility":"","ast-main-header-display":"","ast-hfb-above-header-display":"","ast-hfb-below-header-display":"","ast-hfb-mobile-header-display":"","site-post-title":"","ast-breadcrumbs-content":"","ast-featured-img":"","footer-sml-layout":"","ast-disable-related-posts":"","theme-transparent-header-meta":"","adv-header-id-meta":"","stick-header-meta":"","header-above-stick-meta":"","header-main-stick-meta":"","header-below-stick-meta":"","astra-migrate-meta-layouts":"default","ast-page-background-enabled":"default","ast-page-background-meta":{"desktop":{"background-color":"","background-image":"","background-repeat":"repeat","background-position":"center center","background-size":"auto","background-attachment":"scroll","background-type":"","background-media":"","overlay-type":"","overlay-color":"","overlay-opacity":"","overlay-gradient":""},"tablet":{"background-color":"","background-image":"","background-repeat":"repeat","background-position":"center center","background-size":"auto","background-attachment":"scroll","background-type":"","background-media":"","overlay-type":"","overlay-color":"","overlay-opacity":"","overlay-gradient":""},"mobile":{"background-color":"","background-image":"","background-repeat":"repeat","background-position":"center center","background-size":"auto","background-attachment":"scroll","background-type":"","background-media":"","overlay-type":"","overlay-color":"","overlay-opacity":"","overlay-gradient":""}},"ast-content-background-meta":{"desktop":{"background-color":"var(--ast-global-color-5)","background-image":"","background-repeat":"repeat","background-position":"center center","background-size":"auto","background-attachment":"scroll","background-type":"","background-media":"","overlay-type":"","overlay-color":"","overlay-opacity":"","overlay-gradient":""},"tablet":{"background-color":"var(--ast-global-color-5)","background-image":"","background-repeat":"repeat","background-position":"center center","background-size":"auto","background-attachment":"scroll","background-type":"","background-media":"","overlay-type":"","overlay-color":"","overlay-opacity":"","overlay-gradient":""},"mobile":{"background-color":"var(--ast-global-color-5)","background-image":"","background-repeat":"repeat","background-position":"center center","background-size":"auto","background-attachment":"scroll","background-type":"","background-media":"","overlay-type":"","overlay-color":"","overlay-opacity":"","overlay-gradient":""}},"footnotes":""},"categories":[77],"tags":[4883,88,4884],"class_list":["post-1378","post","type-post","status-publish","format-standard","has-post-thumbnail","hentry","category-panaderia-casera","tag-pan-para-hacer-con-los-ninos","tag-recepta-de-pa","tag-receta-divertida-pan"],"_links":{"self":[{"href":"https:\/\/elfornerdealella.com\/ca\/wp-json\/wp\/v2\/posts\/1378","targetHints":{"allow":["GET"]}}],"collection":[{"href":"https:\/\/elfornerdealella.com\/ca\/wp-json\/wp\/v2\/posts"}],"about":[{"href":"https:\/\/elfornerdealella.com\/ca\/wp-json\/wp\/v2\/types\/post"}],"author":[{"embeddable":true,"href":"https:\/\/elfornerdealella.com\/ca\/wp-json\/wp\/v2\/users\/1"}],"replies":[{"embeddable":true,"href":"https:\/\/elfornerdealella.com\/ca\/wp-json\/wp\/v2\/comments?post=1378"}],"version-history":[{"count":3,"href":"https:\/\/elfornerdealella.com\/ca\/wp-json\/wp\/v2\/posts\/1378\/revisions"}],"predecessor-version":[{"id":10101,"href":"https:\/\/elfornerdealella.com\/ca\/wp-json\/wp\/v2\/posts\/1378\/revisions\/10101"}],"wp:featuredmedia":[{"embeddable":true,"href":"https:\/\/elfornerdealella.com\/ca\/wp-json\/wp\/v2\/media\/10099"}],"wp:attachment":[{"href":"https:\/\/elfornerdealella.com\/ca\/wp-json\/wp\/v2\/media?parent=1378"}],"wp:term":[{"taxonomy":"category","embeddable":true,"href":"https:\/\/elfornerdealella.com\/ca\/wp-json\/wp\/v2\/categories?post=1378"},{"taxonomy":"post_tag","embeddable":true,"href":"https:\/\/elfornerdealella.com\/ca\/wp-json\/wp\/v2\/tags?post=1378"}],"curies":[{"name":"wp","href":"https:\/\/api.w.org\/{rel}","templated":true}]}}