{"id":1331,"date":"2015-04-23T15:18:29","date_gmt":"2015-04-23T15:18:29","guid":{"rendered":"https:\/\/nova.elfornerdealella.com\/?p=1331"},"modified":"2024-04-28T11:52:53","modified_gmt":"2024-04-28T09:52:53","slug":"focaccia-amb-olives-negres","status":"publish","type":"post","link":"https:\/\/elfornerdealella.com\/ca\/focaccia-con-aceitunas-negras\/","title":{"rendered":"Focaccia amb Olives Negres"},"content":{"rendered":"<p>Prepara una deliciosa focaccia amb olives negres, una recepta espectacular d&#039;aquest pa pla que adquireix un sabor especial en condimentar-lo amb oli i herbes arom\u00e0tiques. A la nostra recepta, hem incl\u00f2s tamb\u00e9 olives negres per donar-li un toc \u00fanic. Gaudeix d\u00b4aquesta preparaci\u00f3 casolana i sorpr\u00e8n al teu paladar amb els sabors mediterranis de la focaccia.<\/p>\n\n\n\n<figure class=\"wp-block-embed is-type-video is-provider-youtube wp-block-embed-youtube wp-embed-aspect-16-9 wp-has-aspect-ratio\"><div class=\"wp-block-embed__wrapper\">\n<iframe title=\"Focaccia amb Olives negres\" width=\"500\" height=\"281\" src=\"https:\/\/www.youtube.com\/embed\/X1RoMAbPq6w?feature=oembed\" frameborder=\"0\" allow=\"accelerometer; autoplay; clipboard-write; encrypted-media; gyroscope; picture-in-picture; web-share\" referrerpolicy=\"strict-origin-when-cross-origin\" allowfullscreen><\/iframe>\n<\/div><\/figure>\n\n\n\n<h2 class=\"wp-block-heading\">INGREDIENTS<strong>:<\/strong><\/h2>\n\n\n\n<ul class=\"wp-block-list\">\n<li>250 Farina de For\u00e7a<\/li>\n\n\n\n<li>160 ml. Aigua<\/li>\n\n\n\n<li>40 ml. Oli d&#039;Oliva Verge<\/li>\n\n\n\n<li>10 grs. Llevat Forner<\/li>\n<\/ul>\n\n\n\n<p>Per a l&#039;Oli Arom\u00e0tic:<\/p>\n\n\n\n<ul class=\"wp-block-list\">\n<li>100 ml. Oli d&#039;Oliva Verge<\/li>\n\n\n\n<li>2 Dents d&#039;Alls Picats<\/li>\n\n\n\n<li>Orenga al gust<\/li>\n<\/ul>\n\n\n\n<p>Per posar sobre la Focaccia<\/p>\n\n\n\n<ul class=\"wp-block-list\">\n<li>Olives negres c\/s<\/li>\n<\/ul>\n\n\n\n<h2 class=\"wp-block-heading\">ELABORACI\u00d3:<\/h2>\n\n\n\n<ul class=\"wp-block-list\">\n<li>Esmicolem el llevat amb l&#039;aigua.<\/li>\n\n\n\n<li>Poseu en un bol la farina pr\u00e8viament tamisada i hi afegiu la sal, l&#039;oli i l&#039;aigua amb el llevat.<\/li>\n\n\n\n<li>Amassem amb les mans durant uns tres minuts. \u00c9s una massa molt tova.<\/li>\n\n\n\n<li>Tapem la massa amb paper film i la deixarem fermentar al frigor\u00edfic durant unes 12 o 15 hores.<\/li>\n\n\n\n<li>Posem una mica d\u00b4oli en un recipient que pot ser la safata del forn.<\/li>\n\n\n\n<li>Untarem amb oli la taula de treball i posarem la massa procurant que no es desinfla molt. \u00c9s una massa molt tova i ara cal donar tensi\u00f3 a la massa.<\/li>\n\n\n\n<li>Estirem la massa i dobleguem pels quatre costats de la massa.<\/li>\n\n\n\n<li>Passarem la massa al recipient que ten\u00edem preparat i deixarem reposar durant 40 minuts tapada amb paper film.<\/li>\n\n\n\n<li>Transcorreguts els 40 minuts tornarem a fer la mateixa operaci\u00f3 i deixarem reposar 40 minuts m\u00e9s.<\/li>\n\n\n\n<li>Tornarem a estirar i doblegar una vegada m\u00e9s.<\/li>\n\n\n\n<li>Preparem l&#039;oli arom\u00e0tic picant els alls i posant-los en un recipient amb l&#039;oli verge d&#039;oliva i l&#039;orenga. Posem al microones durant uns 45 segons perqu\u00e8 s&#039;escalfi una mica i s&#039;aromatitzi molt r\u00e0pidament<\/li>\n\n\n\n<li>Donarem forma a la focaccia, ens posarem una mica d&#039;oli a les mans per poder repartir b\u00e9 la massa.<\/li>\n\n\n\n<li>Tirarem per sobre una mica de l&#039;oli aromatitzat i enfonsarem els dits a la massa procurant fer uns forats amb els nostres dits i que penetri l&#039;oli als forats.<\/li>\n\n\n\n<li>Per sobre de la massa repartirem les olives negres partides per la meitat.<\/li>\n\n\n\n<li>Deixarem fermentar la massa durant una hora.<\/li>\n\n\n\n<li>Hem preescalfat el forn a 250 \u00ba cent\u00edgrads per dalt i baix i intentarem donar vapor al forn. Per fer vapor es poden posar en un recipient pedres volc\u00e0niques i en posar la focaccia al forn llen\u00e7ar aigua a sobre de les pedres.<\/li>\n\n\n\n<li>Ho enfornem durant uns 30 minuts al forn fins que estigui ben cuita.<\/li>\n\n\n\n<li>En sortir del forn podem posar una mica m\u00e9s d&#039;oli aromatitzat.<\/li>\n<\/ul>\n\n\n\n<h3 class=\"wp-block-heading\"><strong>Us aconsello que veieu el v\u00eddeo de la focaccia amb olives negres per a una millor comprensi\u00f3 de tot all\u00f2 explicat.<br><\/strong><\/h3>\n\n\n\n<figure class=\"wp-block-gallery has-nested-images columns-3 is-cropped wp-block-gallery-1 is-layout-flex wp-block-gallery-is-layout-flex\">\n<figure class=\"wp-block-image size-large\"><img fetchpriority=\"high\" decoding=\"async\" width=\"640\" height=\"478\" data-id=\"1332\" src=\"https:\/\/elfornerdealella.com\/wp-content\/uploads\/2021\/03\/Focaccia-con-Aceitunas-negras04.jpg\" alt=\"Recepta de\" class=\"wp-image-1332\" title=\"Recepta de\" srcset=\"https:\/\/elfornerdealella.com\/wp-content\/uploads\/2021\/03\/Focaccia-con-Aceitunas-negras04.jpg 640w, https:\/\/elfornerdealella.com\/wp-content\/uploads\/2021\/03\/Focaccia-con-Aceitunas-negras04-600x448.jpg 600w\" sizes=\"(max-width: 640px) 100vw, 640px\" \/><\/figure>\n\n\n\n<figure class=\"wp-block-image size-large\"><img decoding=\"async\" width=\"640\" height=\"366\" data-id=\"1333\" src=\"https:\/\/elfornerdealella.com\/wp-content\/uploads\/2021\/03\/Focaccia-con-Aceitunas-negras15.jpg\" alt=\"Recepta de\" class=\"wp-image-1333\" title=\"Recepta de\" srcset=\"https:\/\/elfornerdealella.com\/wp-content\/uploads\/2021\/03\/Focaccia-con-Aceitunas-negras15.jpg 640w, https:\/\/elfornerdealella.com\/wp-content\/uploads\/2021\/03\/Focaccia-con-Aceitunas-negras15-600x343.jpg 600w\" sizes=\"(max-width: 640px) 100vw, 640px\" \/><\/figure>\n\n\n\n<figure class=\"wp-block-image size-large\"><img decoding=\"async\" width=\"640\" height=\"373\" data-id=\"1334\" src=\"https:\/\/elfornerdealella.com\/wp-content\/uploads\/2021\/03\/Focaccia-con-Aceitunas-negras30.jpg\" alt=\"Recepta de\" class=\"wp-image-1334\" title=\"Recepta de\" srcset=\"https:\/\/elfornerdealella.com\/wp-content\/uploads\/2021\/03\/Focaccia-con-Aceitunas-negras30.jpg 640w, https:\/\/elfornerdealella.com\/wp-content\/uploads\/2021\/03\/Focaccia-con-Aceitunas-negras30-600x350.jpg 600w\" sizes=\"(max-width: 640px) 100vw, 640px\" \/><\/figure>\n\n\n\n<figure class=\"wp-block-image size-large\"><img loading=\"lazy\" decoding=\"async\" width=\"640\" height=\"360\" data-id=\"1335\" src=\"https:\/\/elfornerdealella.com\/wp-content\/uploads\/2021\/03\/Focaccia-con-Aceitunas-negras17.jpg\" alt=\"Recepta de\" class=\"wp-image-1335\" title=\"Recepta de\" srcset=\"https:\/\/elfornerdealella.com\/wp-content\/uploads\/2021\/03\/Focaccia-con-Aceitunas-negras17.jpg 640w, https:\/\/elfornerdealella.com\/wp-content\/uploads\/2021\/03\/Focaccia-con-Aceitunas-negras17-600x338.jpg 600w\" sizes=\"(max-width: 640px) 100vw, 640px\" \/><\/figure>\n\n\n\n<figure class=\"wp-block-image size-large\"><img loading=\"lazy\" decoding=\"async\" width=\"640\" height=\"364\" data-id=\"1336\" src=\"https:\/\/elfornerdealella.com\/wp-content\/uploads\/2021\/03\/Focaccia-con-Aceitunas-negras43.jpg\" alt=\"Recepta de\" class=\"wp-image-1336\" title=\"Recepta de\" srcset=\"https:\/\/elfornerdealella.com\/wp-content\/uploads\/2021\/03\/Focaccia-con-Aceitunas-negras43.jpg 640w, https:\/\/elfornerdealella.com\/wp-content\/uploads\/2021\/03\/Focaccia-con-Aceitunas-negras43-600x341.jpg 600w\" sizes=\"(max-width: 640px) 100vw, 640px\" \/><\/figure>\n\n\n\n<figure class=\"wp-block-image size-large\"><img loading=\"lazy\" decoding=\"async\" width=\"640\" height=\"363\" data-id=\"1337\" src=\"https:\/\/elfornerdealella.com\/wp-content\/uploads\/2021\/03\/Focaccia-con-Aceitunas-negras51.jpg\" alt=\"Recepta de\" class=\"wp-image-1337\" title=\"Recepta de\" srcset=\"https:\/\/elfornerdealella.com\/wp-content\/uploads\/2021\/03\/Focaccia-con-Aceitunas-negras51.jpg 640w, https:\/\/elfornerdealella.com\/wp-content\/uploads\/2021\/03\/Focaccia-con-Aceitunas-negras51-600x340.jpg 600w\" sizes=\"(max-width: 640px) 100vw, 640px\" \/><\/figure>\n\n\n\n<figure class=\"wp-block-image size-large\"><img loading=\"lazy\" decoding=\"async\" width=\"640\" height=\"376\" data-id=\"1338\" src=\"https:\/\/elfornerdealella.com\/wp-content\/uploads\/2021\/03\/Focaccia-con-Aceitunas-negras57.jpg\" alt=\"Recepta de\" class=\"wp-image-1338\" title=\"Recepta de\" srcset=\"https:\/\/elfornerdealella.com\/wp-content\/uploads\/2021\/03\/Focaccia-con-Aceitunas-negras57.jpg 640w, https:\/\/elfornerdealella.com\/wp-content\/uploads\/2021\/03\/Focaccia-con-Aceitunas-negras57-600x353.jpg 600w\" sizes=\"(max-width: 640px) 100vw, 640px\" \/><\/figure>\n\n\n\n<figure class=\"wp-block-image size-large\"><img loading=\"lazy\" decoding=\"async\" width=\"640\" height=\"359\" data-id=\"1339\" src=\"https:\/\/elfornerdealella.com\/wp-content\/uploads\/2021\/03\/Focaccia-con-Aceitunas-negras59.jpg\" alt=\"Recepta de\" class=\"wp-image-1339\" title=\"Recepta de\" srcset=\"https:\/\/elfornerdealella.com\/wp-content\/uploads\/2021\/03\/Focaccia-con-Aceitunas-negras59.jpg 640w, https:\/\/elfornerdealella.com\/wp-content\/uploads\/2021\/03\/Focaccia-con-Aceitunas-negras59-600x337.jpg 600w\" sizes=\"(max-width: 640px) 100vw, 640px\" \/><\/figure>\n<\/figure>","protected":false},"excerpt":{"rendered":"<p>Prepara una deliciosa focaccia con aceitunas negras, una receta espectacular de este pan plano que adquiere un sabor especial al condimentarlo con aceite y hierbas arom\u00e1ticas. En nuestra receta, hemos incluido tambi\u00e9n aceitunas negras para darle un toque \u00fanico. Disfruta de esta preparaci\u00f3n casera y sorprende a tu paladar con los sabores mediterr\u00e1neos de la [&hellip;]<\/p>\n","protected":false},"author":1,"featured_media":11211,"comment_status":"open","ping_status":"open","sticky":false,"template":"","format":"standard","meta":{"site-sidebar-layout":"default","site-content-layout":"","ast-site-content-layout":"default","site-content-style":"default","site-sidebar-style":"default","ast-global-header-display":"","ast-banner-title-visibility":"","ast-main-header-display":"","ast-hfb-above-header-display":"","ast-hfb-below-header-display":"","ast-hfb-mobile-header-display":"","site-post-title":"","ast-breadcrumbs-content":"","ast-featured-img":"","footer-sml-layout":"","ast-disable-related-posts":"","theme-transparent-header-meta":"","adv-header-id-meta":"","stick-header-meta":"","header-above-stick-meta":"","header-main-stick-meta":"","header-below-stick-meta":"","astra-migrate-meta-layouts":"default","ast-page-background-enabled":"default","ast-page-background-meta":{"desktop":{"background-color":"","background-image":"","background-repeat":"repeat","background-position":"center center","background-size":"auto","background-attachment":"scroll","background-type":"","background-media":"","overlay-type":"","overlay-color":"","overlay-opacity":"","overlay-gradient":""},"tablet":{"background-color":"","background-image":"","background-repeat":"repeat","background-position":"center center","background-size":"auto","background-attachment":"scroll","background-type":"","background-media":"","overlay-type":"","overlay-color":"","overlay-opacity":"","overlay-gradient":""},"mobile":{"background-color":"","background-image":"","background-repeat":"repeat","background-position":"center center","background-size":"auto","background-attachment":"scroll","background-type":"","background-media":"","overlay-type":"","overlay-color":"","overlay-opacity":"","overlay-gradient":""}},"ast-content-background-meta":{"desktop":{"background-color":"var(--ast-global-color-5)","background-image":"","background-repeat":"repeat","background-position":"center center","background-size":"auto","background-attachment":"scroll","background-type":"","background-media":"","overlay-type":"","overlay-color":"","overlay-opacity":"","overlay-gradient":""},"tablet":{"background-color":"var(--ast-global-color-5)","background-image":"","background-repeat":"repeat","background-position":"center center","background-size":"auto","background-attachment":"scroll","background-type":"","background-media":"","overlay-type":"","overlay-color":"","overlay-opacity":"","overlay-gradient":""},"mobile":{"background-color":"var(--ast-global-color-5)","background-image":"","background-repeat":"repeat","background-position":"center center","background-size":"auto","background-attachment":"scroll","background-type":"","background-media":"","overlay-type":"","overlay-color":"","overlay-opacity":"","overlay-gradient":""}},"footnotes":""},"categories":[19,77],"tags":[1641,1642,1643,1644,88],"class_list":["post-1331","post","type-post","status-publish","format-standard","has-post-thumbnail","hentry","category-primeros-platos-caseros","category-panaderia-casera","tag-como-hacer-focaccia","tag-focaccia-casera","tag-focaccia-con-aceitunas-negras","tag-preparar-focaccia","tag-recepta-de-pa"],"_links":{"self":[{"href":"https:\/\/elfornerdealella.com\/ca\/wp-json\/wp\/v2\/posts\/1331","targetHints":{"allow":["GET"]}}],"collection":[{"href":"https:\/\/elfornerdealella.com\/ca\/wp-json\/wp\/v2\/posts"}],"about":[{"href":"https:\/\/elfornerdealella.com\/ca\/wp-json\/wp\/v2\/types\/post"}],"author":[{"embeddable":true,"href":"https:\/\/elfornerdealella.com\/ca\/wp-json\/wp\/v2\/users\/1"}],"replies":[{"embeddable":true,"href":"https:\/\/elfornerdealella.com\/ca\/wp-json\/wp\/v2\/comments?post=1331"}],"version-history":[{"count":3,"href":"https:\/\/elfornerdealella.com\/ca\/wp-json\/wp\/v2\/posts\/1331\/revisions"}],"predecessor-version":[{"id":11213,"href":"https:\/\/elfornerdealella.com\/ca\/wp-json\/wp\/v2\/posts\/1331\/revisions\/11213"}],"wp:featuredmedia":[{"embeddable":true,"href":"https:\/\/elfornerdealella.com\/ca\/wp-json\/wp\/v2\/media\/11211"}],"wp:attachment":[{"href":"https:\/\/elfornerdealella.com\/ca\/wp-json\/wp\/v2\/media?parent=1331"}],"wp:term":[{"taxonomy":"category","embeddable":true,"href":"https:\/\/elfornerdealella.com\/ca\/wp-json\/wp\/v2\/categories?post=1331"},{"taxonomy":"post_tag","embeddable":true,"href":"https:\/\/elfornerdealella.com\/ca\/wp-json\/wp\/v2\/tags?post=1331"}],"curies":[{"name":"wp","href":"https:\/\/api.w.org\/{rel}","templated":true}]}}